{"id":29444,"date":"2020-11-16T18:26:22","date_gmt":"2020-11-16T18:26:22","guid":{"rendered":"https:\/\/femepa.org\/web\/?p=29444"},"modified":"2020-11-16T18:26:22","modified_gmt":"2020-11-16T18:26:22","slug":"aemoto-supervisa-las-nuevas-plazas-de-parking-para-motos-junto-a-ramirez-e-hidalgo","status":"publish","type":"post","link":"https:\/\/femepa.org\/web\/aemoto-supervisa-las-nuevas-plazas-de-parking-para-motos-junto-a-ramirez-e-hidalgo\/","title":{"rendered":"AEMOTO supervisa las nuevas plazas de parking para motos junto a Ram\u00edrez e Hidalgo"},"content":{"rendered":"<p>&nbsp;<\/p>\n<p>El presidente y el secretario t\u00e9cnico de la Asociaci\u00f3n de Empresarios de la Moto de la provincia de Las Palmas (AEMOTO), <strong>Manuel Marrero<\/strong> y <strong>Arecio Vega<\/strong>, respectivamente, han acudido \u2013este lunes- a varias calles de Las Palmas de Gran Canaria, donde se han creado \u2013en los \u00faltimos meses- 170 nuevas plazas de parking para motos en zona azul y verde, y 30 adicionales fuera del espacio de estacionamiento regulado.<\/p>\n<p>Adem\u00e1s, los directivos de AEMOTO han estado acompa\u00f1ados por el concejal de Movilidad y el jefe de Tr\u00e1fico y Movilidad del Ayuntamiento de Las Palmas de Gran Canaria, <strong>Jos\u00e9 Eduardo Ram\u00edrez<\/strong> y <strong>Fernando Hidalgo<\/strong>, respectivamente, ya que la ubicaci\u00f3n de dichas plazas de estacionamiento se ha determinado conjuntamente.<\/p>\n<p>No en vano, Ram\u00edrez ha recordado que \u201cla colaboraci\u00f3n con AEMOTO se lleva produciendo desde la pasada legislatura, y se traduce en un convenio anual que se firma con Femepa para potenciar el uso de las motocicletas en la ciudad y otras acciones como la Feria de la Movilidad Sostenible y la Moto, que se celebra normalmente en abril\u201d, al tiempo que ha a\u00f1adido que \u201cel Ayuntamiento apuesta por convertir a la moto en un medio de transporte protagonista en la capital porque contamina menos, ocupa menos espacio, tanto en la circulaci\u00f3n como en el estacionamiento, disminuye el tiempo de los desplazamientos y descongestiona el tr\u00e1fico\u201d.<\/p>\n<p>En la actualidad, el n\u00famero de plazas gratuitas de aparcamiento para motos en la capital grancanaria asciende a 1.373, de las que 904 est\u00e1n en zona azul, 469 en zona verde y 250 fuera del espacio de estacionamiento regulado, en su mayor\u00eda en la parte alta de la ciudad.<\/p>\n<p>No obstante, la concejal\u00eda de Movilidad permite la circulaci\u00f3n de las motocicletas en la mayor\u00eda de los carriles bus\/taxi del municipio, a excepci\u00f3n de los que sean contrasentido. Adem\u00e1s, tiene previsto seguir creando nuevas plazas en 2021 hasta llegar a las 500 acordadas en mayo con AEMOTO.<\/p>\n","protected":false},"excerpt":{"rendered":"<p>&nbsp; El presidente y el secretario t\u00e9cnico de la Asociaci\u00f3n de Empresarios de la Moto de la provincia de Las Palmas (AEMOTO), Manuel Marrero y Arecio Vega, respectivamente, han acudido \u2013este lunes- a varias calles de Las Palmas de Gran Canaria, donde se han creado \u2013en los \u00faltimos meses- 170 nuevas plazas de parking para [&hellip;]<\/p>\n","protected":false},"author":4,"featured_media":29445,"comment_status":"closed","ping_status":"closed","sticky":false,"template":"","format":"standard","meta":{"_acf_changed":false,"rs_blank_template":"","rs_page_bg_color":"#ffffff","slide_template_v7":"","footnotes":""},"categories":[1],"tags":[],"class_list":["post-29444","post","type-post","status-publish","format-standard","has-post-thumbnail","hentry","category-sin-categoria"],"acf":[],"_links":{"self":[{"href":"https:\/\/femepa.org\/web\/wp-json\/wp\/v2\/posts\/29444","targetHints":{"allow":["GET"]}}],"collection":[{"href":"https:\/\/femepa.org\/web\/wp-json\/wp\/v2\/posts"}],"about":[{"href":"https:\/\/femepa.org\/web\/wp-json\/wp\/v2\/types\/post"}],"author":[{"embeddable":true,"href":"https:\/\/femepa.org\/web\/wp-json\/wp\/v2\/users\/4"}],"replies":[{"embeddable":true,"href":"https:\/\/femepa.org\/web\/wp-json\/wp\/v2\/comments?post=29444"}],"version-history":[{"count":0,"href":"https:\/\/femepa.org\/web\/wp-json\/wp\/v2\/posts\/29444\/revisions"}],"wp:featuredmedia":[{"embeddable":true,"href":"https:\/\/femepa.org\/web\/wp-json\/wp\/v2\/media\/29445"}],"wp:attachment":[{"href":"https:\/\/femepa.org\/web\/wp-json\/wp\/v2\/media?parent=29444"}],"wp:term":[{"taxonomy":"category","embeddable":true,"href":"https:\/\/femepa.org\/web\/wp-json\/wp\/v2\/categories?post=29444"},{"taxonomy":"post_tag","embeddable":true,"href":"https:\/\/femepa.org\/web\/wp-json\/wp\/v2\/tags?post=29444"}],"curies":[{"name":"wp","href":"https:\/\/api.w.org\/{rel}","templated":true}]}}