{"id":29587,"date":"2020-11-23T18:29:54","date_gmt":"2020-11-23T18:29:54","guid":{"rendered":"https:\/\/femepa.org\/web\/?p=29587"},"modified":"2020-11-23T18:29:54","modified_gmt":"2020-11-23T18:29:54","slug":"femepa-se-reune-virtualmente-con-la-nueva-junta-directiva-de-aenautica","status":"publish","type":"post","link":"https:\/\/femepa.org\/web\/femepa-se-reune-virtualmente-con-la-nueva-junta-directiva-de-aenautica\/","title":{"rendered":"Femepa se re\u00fane virtualmente con la nueva Junta Directiva de AEN\u00c1UTICA"},"content":{"rendered":"<p>&nbsp;<\/p>\n<p>El presidente de Femepa, <strong>Vicente Marrero<\/strong>, se reuni\u00f3 \u2013de forma telem\u00e1tica- con la nueva Junta Directiva de la Asociaci\u00f3n de Empresarios de la N\u00e1utica de recreo, a la que felicit\u00f3 por el reciente nombramiento.<\/p>\n<p>En este sentido, el nuevo presidente de AEN\u00c1UTICA, <strong>Jos\u00e9 Mar\u00eda Ponce<\/strong>, agradeci\u00f3, en su nombre y en el de todos los integrantes de la asociaci\u00f3n que representa, la gran acogida que Femepa les ha dispensado en esta nueva etapa, en la que los objetivos prioritarios son los intereses y las mejoras de los empresarios de este sector.<\/p>\n<p>En la misma l\u00ednea, Ponce explic\u00f3 que \u201chacer m\u00e1s visible a la asociaci\u00f3n y convertir nuestra isla en un lugar de recepci\u00f3n de regatas y encuentros n\u00e1uticos, conforman la base del proceso de internacionalizaci\u00f3n iniciado con el mercado n\u00e1utico franc\u00e9s\u201d.<\/p>\n<p>Por \u00faltimo, Marrero les invit\u00f3 a participar en la estrategia canaria de Econom\u00eda Azul, donde la n\u00e1utica de recreo tiene mucho que aportar.<\/p>\n<p>&nbsp;<\/p>\n<p>&nbsp;<\/p>\n","protected":false},"excerpt":{"rendered":"<p>&nbsp; El presidente de Femepa, Vicente Marrero, se reuni\u00f3 \u2013de forma telem\u00e1tica- con la nueva Junta Directiva de la Asociaci\u00f3n de Empresarios de la N\u00e1utica de recreo, a la que felicit\u00f3 por el reciente nombramiento. En este sentido, el nuevo presidente de AEN\u00c1UTICA, Jos\u00e9 Mar\u00eda Ponce, agradeci\u00f3, en su nombre y en el de todos [&hellip;]<\/p>\n","protected":false},"author":4,"featured_media":29588,"comment_status":"closed","ping_status":"closed","sticky":false,"template":"","format":"standard","meta":{"_acf_changed":false,"rs_blank_template":"","rs_page_bg_color":"#ffffff","slide_template_v7":"","footnotes":""},"categories":[1],"tags":[87,598,64,1778,137],"class_list":["post-29587","post","type-post","status-publish","format-standard","has-post-thumbnail","hentry","category-sin-categoria","tag-aenautica","tag-economia-azul","tag-femepa","tag-jose-maria-ponce","tag-vicente-marrero"],"acf":[],"_links":{"self":[{"href":"https:\/\/femepa.org\/web\/wp-json\/wp\/v2\/posts\/29587","targetHints":{"allow":["GET"]}}],"collection":[{"href":"https:\/\/femepa.org\/web\/wp-json\/wp\/v2\/posts"}],"about":[{"href":"https:\/\/femepa.org\/web\/wp-json\/wp\/v2\/types\/post"}],"author":[{"embeddable":true,"href":"https:\/\/femepa.org\/web\/wp-json\/wp\/v2\/users\/4"}],"replies":[{"embeddable":true,"href":"https:\/\/femepa.org\/web\/wp-json\/wp\/v2\/comments?post=29587"}],"version-history":[{"count":0,"href":"https:\/\/femepa.org\/web\/wp-json\/wp\/v2\/posts\/29587\/revisions"}],"wp:featuredmedia":[{"embeddable":true,"href":"https:\/\/femepa.org\/web\/wp-json\/wp\/v2\/media\/29588"}],"wp:attachment":[{"href":"https:\/\/femepa.org\/web\/wp-json\/wp\/v2\/media?parent=29587"}],"wp:term":[{"taxonomy":"category","embeddable":true,"href":"https:\/\/femepa.org\/web\/wp-json\/wp\/v2\/categories?post=29587"},{"taxonomy":"post_tag","embeddable":true,"href":"https:\/\/femepa.org\/web\/wp-json\/wp\/v2\/tags?post=29587"}],"curies":[{"name":"wp","href":"https:\/\/api.w.org\/{rel}","templated":true}]}}