{"id":29907,"date":"2020-12-17T21:11:37","date_gmt":"2020-12-17T21:11:37","guid":{"rendered":"https:\/\/femepa.org\/web\/?p=29907"},"modified":"2020-12-17T21:11:37","modified_gmt":"2020-12-17T21:11:37","slug":"la-federacion-de-motociclismo-de-gran-canaria-se-adhiere-a-femepa-a-traves-de-aemoto","status":"publish","type":"post","link":"https:\/\/femepa.org\/web\/la-federacion-de-motociclismo-de-gran-canaria-se-adhiere-a-femepa-a-traves-de-aemoto\/","title":{"rendered":"La Federaci\u00f3n de Motociclismo de Gran Canaria se adhiere a Femepa a trav\u00e9s de AEMOTO"},"content":{"rendered":"<p>&nbsp;<\/p>\n<p>La sede de Femepa en Le\u00f3n y Castillo ha sido el lugar escogido para sellar -este jueves- la incorporaci\u00f3n oficial de la Federaci\u00f3n de Motociclismo de Gran Canaria a AEMOTO, que es una de las 32 asociaciones integradas en Femepa.<\/p>\n<p>En este sentido, han comparecido: <strong>Juan Luis Hern\u00e1ndez<\/strong>, presidente de la Federaci\u00f3n de Motociclismo de Gran Canaria; <strong>Pedro Pe\u00f1ate<\/strong>, miembro de la Junta Directiva de AEMOTO; y <strong>Juan Carlos Betancor<\/strong>, secretario general de Femepa, que ha destacado que \u201ces un d\u00eda para celebrar, porque es la uni\u00f3n del mundo empresarial con el del deporte\u201d.<\/p>\n<p>Por su parte, Hern\u00e1ndez ha subrayado que \u201cla Federaci\u00f3n de Motociclismo de Gran Canaria deb\u00eda estar en una organizaci\u00f3n tan importante como esta, porque tanto Femepa como AEMOTO aglutinan a todo el mundo de las dos ruedas\u201d.<\/p>\n<p>En la misma l\u00ednea, Pe\u00f1ate ha indicado que, \u201cdesde AEMOTO, siempre hemos querido aglutinar todo lo que tenga que ver con el mundo de la moto, ya que esta uni\u00f3n es algo muy importante para mover mucho m\u00e1s este ambiente, en el aspecto ya no tanto de la movilidad, sino tambi\u00e9n de la parte deportiva\u201d. \u201cSe trata de seguir creciendo\u201d, ha matizado.<\/p>\n","protected":false},"excerpt":{"rendered":"<p>&nbsp; La sede de Femepa en Le\u00f3n y Castillo ha sido el lugar escogido para sellar -este jueves- la incorporaci\u00f3n oficial de la Federaci\u00f3n de Motociclismo de Gran Canaria a AEMOTO, que es una de las 32 asociaciones integradas en Femepa. En este sentido, han comparecido: Juan Luis Hern\u00e1ndez, presidente de la Federaci\u00f3n de Motociclismo [&hellip;]<\/p>\n","protected":false},"author":4,"featured_media":29908,"comment_status":"closed","ping_status":"closed","sticky":false,"template":"","format":"standard","meta":{"_acf_changed":false,"rs_blank_template":"","rs_page_bg_color":"#ffffff","slide_template_v7":"","footnotes":""},"categories":[1],"tags":[407,1837,1838,64,68,1839],"class_list":["post-29907","post","type-post","status-publish","format-standard","has-post-thumbnail","hentry","category-sin-categoria","tag-aemoto","tag-deporte","tag-dos-ruedas","tag-femepa","tag-moto","tag-motociclismo"],"acf":[],"_links":{"self":[{"href":"https:\/\/femepa.org\/web\/wp-json\/wp\/v2\/posts\/29907","targetHints":{"allow":["GET"]}}],"collection":[{"href":"https:\/\/femepa.org\/web\/wp-json\/wp\/v2\/posts"}],"about":[{"href":"https:\/\/femepa.org\/web\/wp-json\/wp\/v2\/types\/post"}],"author":[{"embeddable":true,"href":"https:\/\/femepa.org\/web\/wp-json\/wp\/v2\/users\/4"}],"replies":[{"embeddable":true,"href":"https:\/\/femepa.org\/web\/wp-json\/wp\/v2\/comments?post=29907"}],"version-history":[{"count":0,"href":"https:\/\/femepa.org\/web\/wp-json\/wp\/v2\/posts\/29907\/revisions"}],"wp:featuredmedia":[{"embeddable":true,"href":"https:\/\/femepa.org\/web\/wp-json\/wp\/v2\/media\/29908"}],"wp:attachment":[{"href":"https:\/\/femepa.org\/web\/wp-json\/wp\/v2\/media?parent=29907"}],"wp:term":[{"taxonomy":"category","embeddable":true,"href":"https:\/\/femepa.org\/web\/wp-json\/wp\/v2\/categories?post=29907"},{"taxonomy":"post_tag","embeddable":true,"href":"https:\/\/femepa.org\/web\/wp-json\/wp\/v2\/tags?post=29907"}],"curies":[{"name":"wp","href":"https:\/\/api.w.org\/{rel}","templated":true}]}}