{"id":30133,"date":"2021-01-25T18:33:32","date_gmt":"2021-01-25T18:33:32","guid":{"rendered":"https:\/\/femepa.org\/web\/?p=30133"},"modified":"2021-01-25T18:33:32","modified_gmt":"2021-01-25T18:33:32","slug":"todo-lo-que-debes-saber-sobre-la-normativa-de-igualdad","status":"publish","type":"post","link":"https:\/\/femepa.org\/web\/todo-lo-que-debes-saber-sobre-la-normativa-de-igualdad\/","title":{"rendered":"Todo lo que debes saber sobre la Normativa de Igualdad"},"content":{"rendered":"<p>&nbsp;<\/p>\n<p>Comienza la cuenta atr\u00e1s para que entre en vigor el\u00a0<strong>Real Decreto 901\/2020, del 13 de octubre, que regula los planes de igualdad y su registro<\/strong>. Aspectos a en tener en cuenta para cumplir con este RD:<\/p>\n<p><strong>\u00bfCu\u00e1ndo entra en vigor?<\/strong>\u00a0La regulaci\u00f3n para los Planes de Igualdad entra en vigor el 14 de enero de 2021.<\/p>\n<p><strong>\u00bfA qu\u00e9 empresas aplica?<\/strong>\u00a0A todas las empresas independientemente del n\u00famero de personas en plantilla: deber\u00e1n respetar la igualdad de oportunidades y de trato en el \u00e1mbito laboral. Asimismo, se recomienda adoptar medidas para evitar la discriminaci\u00f3n laboral entre hombres y mujeres.<\/p>\n<p><strong>Fechas a tener en cuenta para la formalizaci\u00f3n del Plan de Igualdad y su Registro:<\/strong><\/p>\n<ul>\n<li>Empresas de 50 trabajadores\/as en marzo de 2022<\/li>\n<li>Empresas de 100 trabajadores\/as en marzo de 2021<\/li>\n<li>Empresas de 150 trabajadores\/as en marzo de 2020<\/li>\n<\/ul>\n<p><strong>\u00bfY si la empresa cuenta ya con un plan de Igualdad?<\/strong>\u00a0Deber\u00e1n adaptarlo en el plazo previsto para su revisi\u00f3n y en todo caso hasta el 14 de enero de 2022.<\/p>\n<p>Por otro lado,\u00a0<strong>l<\/strong><strong>as empresas tienen la obligaci\u00f3n de contar con un registro de retribuciones, para paliar discriminaciones salariales<\/strong>. Tambi\u00e9n se definen las normas sobre c\u00f3mo se deber\u00e1n evaluar los puestos de trabajo para decidir qu\u00e9 es un trabajo de igual valor y evitar infravalorar responsabilidades o cualidades tradicionalmente vinculadas a las mujeres y qu\u00e9 componentes debe tener la auditor\u00eda retributiva que deber\u00e1n poner en marcha todas las empresas con m\u00e1s de 50 trabajadores dentro de su plan de igualdad.<\/p>\n<p><strong>\u00bfCu\u00e1ndo entra en vigor?<\/strong>\u00a0Entra en vigor el 14 de abril de 2021<\/p>\n<p><strong>\u00bfQu\u00e9 empresas tienen la obligatoriedad de realizar el registro salarial?<\/strong>\u00a0Todas las empresas, independientemente de su tama\u00f1o.<\/p>\n<p><strong>\u00bfCu\u00e1les son los datos claves que se deben registrar?<\/strong><\/p>\n<ul>\n<li>El salario base<\/li>\n<li>Los complementos salariales<\/li>\n<li>Las percepciones extrasalariales<\/li>\n<\/ul>\n<p><strong>\u00bfQu\u00e9 hay que tener en cuenta?<\/strong><\/p>\n<p>Los datos hay que presentarlos desagregados por sexos y distribuidos por: grupos profesionales, categor\u00edas profesionales, puestos de trabajo iguales o de igual valor y cualquier otro sistema de clasificaci\u00f3n aplicable<\/p>\n<p><strong>\u00bfA qu\u00e9 empresas aplica la Auditor\u00eda Salarial?<\/strong>\u00a0A todas aquellas empresas que est\u00e9n obligadas a elaborar un Plan de Igualdad, deber\u00e1n realizar la auditor\u00eda y tendr\u00e1n como fecha\u00a0de vigencia, la misma del plan de igualdad del que forma parte.<\/p>\n<p>Para mayor concreci\u00f3n del Real Decreto 901\/2020 y del Real Decreto 902\/2020, les ofrecemos el siguiente desglose con los plazos concretos:<\/p>\n<p>&nbsp;<\/p>\n<table width=\"425\">\n<tbody>\n<tr>\n<td width=\"107\"><strong>OBLIGACI\u00d3N<\/strong><\/td>\n<td width=\"107\"><strong>EMPRESA OBLIGADA<\/strong><\/td>\n<td width=\"107\"><strong>FECHA DE EXIGENCIA<\/strong><\/td>\n<\/tr>\n<tr>\n<td rowspan=\"3\" width=\"107\">Auditor\u00eda salarial<\/td>\n<td width=\"107\">M\u00e1s de 151 trabajadores<\/td>\n<td width=\"107\">14\/04\/2021<\/td>\n<\/tr>\n<tr>\n<td width=\"107\">Entre 101 y 150 trabajadores<\/td>\n<td width=\"107\">07\/03\/2021<\/td>\n<\/tr>\n<tr>\n<td width=\"107\">Entre 50 y 100 trabajadores<\/td>\n<td width=\"107\">07\/03\/2022<\/td>\n<\/tr>\n<tr>\n<td width=\"107\">Registro salarial, justificaci\u00f3n de brecha, valoraci\u00f3n de puestos<\/td>\n<td width=\"107\">Todas las empresas<\/td>\n<td width=\"107\">14\/04\/2021<\/td>\n<\/tr>\n<tr>\n<td rowspan=\"3\" width=\"107\">Diagn\u00f3stico, negociaci\u00f3n y Plan de Igualdad<\/td>\n<td width=\"107\">M\u00e1s de 151 trabajadores<\/td>\n<td width=\"107\">07\/03\/2020<\/p>\n<p>&nbsp;<\/td>\n<\/tr>\n<tr>\n<td width=\"107\">Entre 101 y 150 trabajadores<\/td>\n<td width=\"107\">07\/03\/2021<\/p>\n<p>&nbsp;<\/td>\n<\/tr>\n<tr>\n<td width=\"107\">Entre 50 y 100 trabajadores<\/td>\n<td width=\"107\">07\/03\/2022<\/td>\n<\/tr>\n<\/tbody>\n<\/table>\n<p>&nbsp;<\/p>\n<p>Para m\u00e1s informaci\u00f3n, contactar con la T\u00e9cnica de Igualdad y RSC de Femepa, Paula Liberal C\u00e1rdenes, a trav\u00e9s del tel\u00e9fono 928 296 161 ext. 2048 o del correo\u00a0<a href=\"mailto:paula.liberal@femepa.es\">paula.liberal@femepa.es<\/a><\/p>\n","protected":false},"excerpt":{"rendered":"<p>&nbsp; Comienza la cuenta atr\u00e1s para que entre en vigor el\u00a0Real Decreto 901\/2020, del 13 de octubre, que regula los planes de igualdad y su registro. Aspectos a en tener en cuenta para cumplir con este RD: \u00bfCu\u00e1ndo entra en vigor?\u00a0La regulaci\u00f3n para los Planes de Igualdad entra en vigor el 14 de enero de [&hellip;]<\/p>\n","protected":false},"author":4,"featured_media":30137,"comment_status":"closed","ping_status":"closed","sticky":false,"template":"","format":"standard","meta":{"_acf_changed":false,"rs_blank_template":"","rs_page_bg_color":"#ffffff","slide_template_v7":"","footnotes":""},"categories":[1],"tags":[1859,209,1860],"class_list":["post-30133","post","type-post","status-publish","format-standard","has-post-thumbnail","hentry","category-sin-categoria","tag-auditoria-salarial","tag-igualdad","tag-plan-de-igualdad"],"acf":[],"_links":{"self":[{"href":"https:\/\/femepa.org\/web\/wp-json\/wp\/v2\/posts\/30133","targetHints":{"allow":["GET"]}}],"collection":[{"href":"https:\/\/femepa.org\/web\/wp-json\/wp\/v2\/posts"}],"about":[{"href":"https:\/\/femepa.org\/web\/wp-json\/wp\/v2\/types\/post"}],"author":[{"embeddable":true,"href":"https:\/\/femepa.org\/web\/wp-json\/wp\/v2\/users\/4"}],"replies":[{"embeddable":true,"href":"https:\/\/femepa.org\/web\/wp-json\/wp\/v2\/comments?post=30133"}],"version-history":[{"count":0,"href":"https:\/\/femepa.org\/web\/wp-json\/wp\/v2\/posts\/30133\/revisions"}],"wp:featuredmedia":[{"embeddable":true,"href":"https:\/\/femepa.org\/web\/wp-json\/wp\/v2\/media\/30137"}],"wp:attachment":[{"href":"https:\/\/femepa.org\/web\/wp-json\/wp\/v2\/media?parent=30133"}],"wp:term":[{"taxonomy":"category","embeddable":true,"href":"https:\/\/femepa.org\/web\/wp-json\/wp\/v2\/categories?post=30133"},{"taxonomy":"post_tag","embeddable":true,"href":"https:\/\/femepa.org\/web\/wp-json\/wp\/v2\/tags?post=30133"}],"curies":[{"name":"wp","href":"https:\/\/api.w.org\/{rel}","templated":true}]}}