{"id":30185,"date":"2021-02-02T13:11:52","date_gmt":"2021-02-02T13:11:52","guid":{"rendered":"https:\/\/femepa.org\/web\/?p=30185"},"modified":"2021-02-02T13:11:52","modified_gmt":"2021-02-02T13:11:52","slug":"las-matriculaciones-se-hunden-en-canarias-en-el-mes-de-enero-de-2021","status":"publish","type":"post","link":"https:\/\/femepa.org\/web\/las-matriculaciones-se-hunden-en-canarias-en-el-mes-de-enero-de-2021\/","title":{"rendered":"Las matriculaciones se hunden en Canarias en el mes de enero de 2021"},"content":{"rendered":"<p>&nbsp;<\/p>\n<p style=\"text-align: center;\"><b>El mercado de turismos retrocede un 59,74% en el primer mes del a\u00f1o<\/b><\/p>\n<p style=\"font-weight: 400;\">Fuerte ca\u00edda la sufrida por el sector del autom\u00f3vil en el mes de enero de 2021. Conforme a los datos facilitados por la Federaci\u00f3n de Importadores y Concesionarios FREDICA, las matriculaciones en general y para todos los tipos de veh\u00edculos, retroceden en las islas un 45,45%. Es en el mercado de turismos y todo terreno, los de mayor importancia por su volumen, los que retroceden casi un 59,74% respecto al a\u00f1o 2020 en el primer caso y un 51% en el caso de los veh\u00edculos todo terreno.<\/p>\n<p style=\"font-weight: 400;\">Se recuerda que en el mes de enero a\u00fan no se hab\u00eda propagado la COVID ni se hab\u00eda declarado el estado de alarma, por lo que era un mes encuadrable en la normalidad.<\/p>\n<p style=\"font-weight: 400;\">La ca\u00edda del mercado no solo se produce en los veh\u00edculos de turismo, sino que es pr\u00e1cticamente generalizada a todos los tipos de veh\u00edculos por tanto a afecta a empresas y particulares como a todos los canales de empresa: particular, empresas y alquiler.<\/p>\n<p style=\"font-weight: 400;\">Para FREDICA este fuerte retroceso evidencia el impacto de la crisis sobre el sector de la automoci\u00f3n de las islas, que es de los sectores en los que m\u00e1s fuerte est\u00e1 impactando la crisis econ\u00f3mica y de consumo. La incertidumbre generada unida al costo alto de los productos comercializados explica este fuerte retroceso.<\/p>\n<p style=\"font-weight: 400;\">Desde FREDICA se considera necesario que desde el Gobierno de Canarias se ayude al sector que ve peligrar la recuperaci\u00f3n que con enorme esfuerzo fue realizada despu\u00e9s de la crisis financiera de 2008. En este sentido, desde FREDICA se ha puesto de manifiesto la necesidad de proceder a reducir los tipos incrementados del IGIC que soporta el sector al menos con car\u00e1cter temporal por dos a\u00f1os, lo que permitir\u00eda animar el mercado manteniendo los precios, dado que este a\u00f1o se han incrementado por el aumento del impuesto de matriculaci\u00f3n por la aplicaci\u00f3n de la normativa WLTP.<\/p>\n<p style=\"font-weight: 400;\">Desde FREDICA se recuerda que la crisis, derivado del impacto del sector tur\u00edstico en Canarias, est\u00e1 siendo m\u00e1s virulenta en Canarias que en resto del pa\u00eds, siendo la ca\u00edda en las islas veinte puntos porcentuales mayor que en el resto del estado.<\/p>\n<p style=\"font-weight: 400;\">Las ventas al sector alquilador de veh\u00edculos de turismo y todo terreno en enero han sido \u201ccero\u201d. Un dato que refleja la realidad de la situaci\u00f3n en Canarias.<\/p>\n","protected":false},"excerpt":{"rendered":"<p>&nbsp; El mercado de turismos retrocede un 59,74% en el primer mes del a\u00f1o Fuerte ca\u00edda la sufrida por el sector del autom\u00f3vil en el mes de enero de 2021. Conforme a los datos facilitados por la Federaci\u00f3n de Importadores y Concesionarios FREDICA, las matriculaciones en general y para todos los tipos de veh\u00edculos, retroceden [&hellip;]<\/p>\n","protected":false},"author":4,"featured_media":30186,"comment_status":"closed","ping_status":"closed","sticky":false,"template":"","format":"standard","meta":{"_acf_changed":false,"rs_blank_template":"","rs_page_bg_color":"#ffffff","slide_template_v7":"","footnotes":""},"categories":[1],"tags":[960,1861,1864],"class_list":["post-30185","post","type-post","status-publish","format-standard","has-post-thumbnail","hentry","category-sin-categoria","tag-fredica","tag-igic","tag-rafael-pombrieo"],"acf":[],"_links":{"self":[{"href":"https:\/\/femepa.org\/web\/wp-json\/wp\/v2\/posts\/30185","targetHints":{"allow":["GET"]}}],"collection":[{"href":"https:\/\/femepa.org\/web\/wp-json\/wp\/v2\/posts"}],"about":[{"href":"https:\/\/femepa.org\/web\/wp-json\/wp\/v2\/types\/post"}],"author":[{"embeddable":true,"href":"https:\/\/femepa.org\/web\/wp-json\/wp\/v2\/users\/4"}],"replies":[{"embeddable":true,"href":"https:\/\/femepa.org\/web\/wp-json\/wp\/v2\/comments?post=30185"}],"version-history":[{"count":0,"href":"https:\/\/femepa.org\/web\/wp-json\/wp\/v2\/posts\/30185\/revisions"}],"wp:featuredmedia":[{"embeddable":true,"href":"https:\/\/femepa.org\/web\/wp-json\/wp\/v2\/media\/30186"}],"wp:attachment":[{"href":"https:\/\/femepa.org\/web\/wp-json\/wp\/v2\/media?parent=30185"}],"wp:term":[{"taxonomy":"category","embeddable":true,"href":"https:\/\/femepa.org\/web\/wp-json\/wp\/v2\/categories?post=30185"},{"taxonomy":"post_tag","embeddable":true,"href":"https:\/\/femepa.org\/web\/wp-json\/wp\/v2\/tags?post=30185"}],"curies":[{"name":"wp","href":"https:\/\/api.w.org\/{rel}","templated":true}]}}