{"id":30189,"date":"2021-02-02T23:50:30","date_gmt":"2021-02-02T23:50:30","guid":{"rendered":"https:\/\/femepa.org\/web\/?p=30189"},"modified":"2021-02-02T23:50:30","modified_gmt":"2021-02-02T23:50:30","slug":"el-ayuntamiento-de-las-palmas-de-gran-canaria-aprueba-varias-medidas-de-apoyo-a-empresas-y-autonomos-as-durante-todo-2021","status":"publish","type":"post","link":"https:\/\/femepa.org\/web\/el-ayuntamiento-de-las-palmas-de-gran-canaria-aprueba-varias-medidas-de-apoyo-a-empresas-y-autonomos-as-durante-todo-2021\/","title":{"rendered":"El Ayuntamiento de Las Palmas de Gran Canaria aprueba varias medidas de apoyo a empresas y aut\u00f3nomos\/as durante todo 2021"},"content":{"rendered":"<p>&nbsp;<\/p>\n<p>Con el objetivo de minimizar los efectos de la COVID-19, el \u00c1rea de Econom\u00eda y Hacienda del Ayuntamiento de Las Palmas de Gran Canaria ha impulsado \u2013por segundo a\u00f1o consecutivo- un paquete de medidas econ\u00f3micas de apoyo a empresas y aut\u00f3nomos\/as.<\/p>\n<p>En este sentido, el consistorio capitalino les eximir\u00e1 \u2013durante todo 2021- del pago de las siguientes tasas municipales y c\u00e1nones: servicio de recogida de basuras y residuos s\u00f3lidos urbanos, de terrazas, de licencias de apertura, quioscos, autotaxis, hamacas y embarcaciones, puestos en el rastro y ferias, y por ocupaci\u00f3n del dominio p\u00fablico local con motivo del ejercicio de actividades mercantiles o industriales.<\/p>\n<p>De la misma forma, se condonar\u00e1 el pago del canon por realizaci\u00f3n de su actividad en suelo municipal, as\u00ed como tambi\u00e9n se aplazar\u00e1 el pago voluntario de todos los tributos municipales (Impuestos de Bienes Inmuebles, de Veh\u00edculos, de Actividades Econ\u00f3micas y la Tasa de Vados) hasta diciembre de 2021, ya que es el m\u00e1ximo legal permitido.<\/p>\n","protected":false},"excerpt":{"rendered":"<p>&nbsp; Con el objetivo de minimizar los efectos de la COVID-19, el \u00c1rea de Econom\u00eda y Hacienda del Ayuntamiento de Las Palmas de Gran Canaria ha impulsado \u2013por segundo a\u00f1o consecutivo- un paquete de medidas econ\u00f3micas de apoyo a empresas y aut\u00f3nomos\/as. En este sentido, el consistorio capitalino les eximir\u00e1 \u2013durante todo 2021- del pago [&hellip;]<\/p>\n","protected":false},"author":4,"featured_media":30190,"comment_status":"closed","ping_status":"closed","sticky":false,"template":"","format":"standard","meta":{"_acf_changed":false,"rs_blank_template":"","rs_page_bg_color":"#ffffff","slide_template_v7":"","footnotes":""},"categories":[1],"tags":[1369,1351,1355,174,1865],"class_list":["post-30189","post","type-post","status-publish","format-standard","has-post-thumbnail","hentry","category-sin-categoria","tag-autonomos-as","tag-ayuntamiento-de-las-palmas-de-gran-canaria","tag-covid-19","tag-empresas","tag-impuestos"],"acf":[],"_links":{"self":[{"href":"https:\/\/femepa.org\/web\/wp-json\/wp\/v2\/posts\/30189","targetHints":{"allow":["GET"]}}],"collection":[{"href":"https:\/\/femepa.org\/web\/wp-json\/wp\/v2\/posts"}],"about":[{"href":"https:\/\/femepa.org\/web\/wp-json\/wp\/v2\/types\/post"}],"author":[{"embeddable":true,"href":"https:\/\/femepa.org\/web\/wp-json\/wp\/v2\/users\/4"}],"replies":[{"embeddable":true,"href":"https:\/\/femepa.org\/web\/wp-json\/wp\/v2\/comments?post=30189"}],"version-history":[{"count":0,"href":"https:\/\/femepa.org\/web\/wp-json\/wp\/v2\/posts\/30189\/revisions"}],"wp:featuredmedia":[{"embeddable":true,"href":"https:\/\/femepa.org\/web\/wp-json\/wp\/v2\/media\/30190"}],"wp:attachment":[{"href":"https:\/\/femepa.org\/web\/wp-json\/wp\/v2\/media?parent=30189"}],"wp:term":[{"taxonomy":"category","embeddable":true,"href":"https:\/\/femepa.org\/web\/wp-json\/wp\/v2\/categories?post=30189"},{"taxonomy":"post_tag","embeddable":true,"href":"https:\/\/femepa.org\/web\/wp-json\/wp\/v2\/tags?post=30189"}],"curies":[{"name":"wp","href":"https:\/\/api.w.org\/{rel}","templated":true}]}}