{"id":30555,"date":"2021-03-18T16:44:06","date_gmt":"2021-03-18T16:44:06","guid":{"rendered":"https:\/\/femepa.org\/web\/?p=30555"},"modified":"2025-08-15T16:19:29","modified_gmt":"2025-08-15T15:19:29","slug":"el-presidente-de-airacon-acerca-la-realidad-del-sector-al-alumnado-trabajador-del-pfae-gj-ozono-de-femepa","status":"publish","type":"post","link":"https:\/\/femepa.org\/web\/el-presidente-de-airacon-acerca-la-realidad-del-sector-al-alumnado-trabajador-del-pfae-gj-ozono-de-femepa\/","title":{"rendered":"El presidente de AIRACON acerca la realidad del sector al alumnado-trabajador del PFAE-GJ Ozono de Femepa"},"content":{"rendered":"<p>&nbsp;<\/p>\n<p>El presidente de la Asociaci\u00f3n de Instaladores de Refrigeraci\u00f3n y Aire Acondicionado de Las Palmas (AIRACON), <strong>Miguel Trujillo<\/strong>, visit\u00f3 \u2013este jueves- las instalaciones formativas de Femepa en El Sebadal, donde le esperaba el alumnado-trabajador del PFAE-GJ Ozono, subvencionado por el Servicio Canario de Empleo y el Fondo Social Europeo.<\/p>\n<p>En este encuentro, Trujillo se encarg\u00f3 de acercarle la realidad del sector y, en especial, la necesidad de incorporar profesionales cualificados a esta rama tan espec\u00edfica, tal y como se\u00f1ala la Agencia de Colocaci\u00f3n de Femepa, que posiciona la categor\u00eda profesional de \u201cfrigorista\u201d no solo como una de las m\u00e1s demandadas, sino como garant\u00eda de estabilidad laboral.<\/p>\n<p>Por otro lado, el presidente de AIRACON se sorprendi\u00f3 gratamente por el importante n\u00famero de mujeres participantes en este Programa de Formaci\u00f3n en Alternancia con el Empleo de Garant\u00eda Juvenil, ya que la refrigeraci\u00f3n industrial ha sido un sector tradicionalmente masculinizado.<\/p>\n<h3 style=\"text-align: center;\"><a href=\"https:\/\/www.flickr.com\/photos\/183138392@N05\/albums\/72157718693094008\" target=\"_blank\" rel=\"noopener noreferrer\">GALER\u00cdA FOTOGR\u00c1FICA<\/a><\/h3>\n","protected":false},"excerpt":{"rendered":"<p>&nbsp; El presidente de la Asociaci\u00f3n de Instaladores de Refrigeraci\u00f3n y Aire Acondicionado de Las Palmas (AIRACON), Miguel Trujillo, visit\u00f3 \u2013este jueves- las instalaciones formativas de Femepa en El Sebadal, donde le esperaba el alumnado-trabajador del PFAE-GJ Ozono, subvencionado por el Servicio Canario de Empleo y el Fondo Social Europeo. En este encuentro, Trujillo se [&hellip;]<\/p>\n","protected":false},"author":4,"featured_media":30556,"comment_status":"closed","ping_status":"closed","sticky":false,"template":"","format":"standard","meta":{"_acf_changed":false,"rs_blank_template":"","rs_page_bg_color":"","slide_template_v7":"","footnotes":""},"categories":[3219,1],"tags":[],"class_list":["post-30555","post","type-post","status-publish","format-standard","has-post-thumbnail","hentry","category-pfae-gj","category-sin-categoria"],"acf":[],"_links":{"self":[{"href":"https:\/\/femepa.org\/web\/wp-json\/wp\/v2\/posts\/30555","targetHints":{"allow":["GET"]}}],"collection":[{"href":"https:\/\/femepa.org\/web\/wp-json\/wp\/v2\/posts"}],"about":[{"href":"https:\/\/femepa.org\/web\/wp-json\/wp\/v2\/types\/post"}],"author":[{"embeddable":true,"href":"https:\/\/femepa.org\/web\/wp-json\/wp\/v2\/users\/4"}],"replies":[{"embeddable":true,"href":"https:\/\/femepa.org\/web\/wp-json\/wp\/v2\/comments?post=30555"}],"version-history":[{"count":1,"href":"https:\/\/femepa.org\/web\/wp-json\/wp\/v2\/posts\/30555\/revisions"}],"predecessor-version":[{"id":50025,"href":"https:\/\/femepa.org\/web\/wp-json\/wp\/v2\/posts\/30555\/revisions\/50025"}],"wp:featuredmedia":[{"embeddable":true,"href":"https:\/\/femepa.org\/web\/wp-json\/wp\/v2\/media\/30556"}],"wp:attachment":[{"href":"https:\/\/femepa.org\/web\/wp-json\/wp\/v2\/media?parent=30555"}],"wp:term":[{"taxonomy":"category","embeddable":true,"href":"https:\/\/femepa.org\/web\/wp-json\/wp\/v2\/categories?post=30555"},{"taxonomy":"post_tag","embeddable":true,"href":"https:\/\/femepa.org\/web\/wp-json\/wp\/v2\/tags?post=30555"}],"curies":[{"name":"wp","href":"https:\/\/api.w.org\/{rel}","templated":true}]}}