{"id":30684,"date":"2021-04-14T10:20:01","date_gmt":"2021-04-14T10:20:01","guid":{"rendered":"https:\/\/femepa.org\/web\/?p=30684"},"modified":"2021-04-14T10:20:01","modified_gmt":"2021-04-14T10:20:01","slug":"fredica-analiza-el-proyecto-de-ley-de-cambio-climatico-con-el-viceconsejero-de-transicion-ecologica-y-su-impacto-en-el-sector-del-automovil-en-canarias","status":"publish","type":"post","link":"https:\/\/femepa.org\/web\/fredica-analiza-el-proyecto-de-ley-de-cambio-climatico-con-el-viceconsejero-de-transicion-ecologica-y-su-impacto-en-el-sector-del-automovil-en-canarias\/","title":{"rendered":"Fredica analiza el proyecto de Ley de Cambio Clim\u00e1tico con el viceconsejero de Transici\u00f3n Ecol\u00f3gica y su impacto en el sector del autom\u00f3vil en Canarias"},"content":{"rendered":"<p style=\"font-weight: 400;\">La Federaci\u00f3n de Importadores y Concesionarios de Autom\u00f3viles, FREDICA, representada por los miembros de su Junta, Rafael Pombriego y Pedro Modesto Campos, se ha reunido con el Viceconsejero de Transici\u00f3n Ecol\u00f3gica, Miguel \u00c1ngel P\u00e9rez, para analizar el proyecto de Ley de Cambio Clim\u00e1tico y Transici\u00f3n Energ\u00e9tica de Canarias, proyecto a\u00fan en tr\u00e1mite y que, tras su paso por el Parlamento Canario, podr\u00eda estar en vigor en 2022.<\/p>\n<p style=\"font-weight: 400;\">El sector considera que la normativa propuesta por el ejecutivo canario coincide con los objetivos sobre descarbonizaci\u00f3n del transporte defendidos por los operadores canarios del autom\u00f3vil.<\/p>\n<p style=\"font-weight: 400;\">Desde FREDICA se inform\u00f3 al Viceconsejero que la organizaci\u00f3n est\u00e1 totalmente a favor de la transformaci\u00f3n del parque m\u00f3vil de las islas en un parque m\u00f3vil de emisiones cero.<\/p>\n<p style=\"font-weight: 400;\">Siendo este el objetivo de administraci\u00f3n y sector, desde FREDICA se considera, no obstante, que los objetivos deben ser realistas ya que en estos momentos la demanda de veh\u00edculos alternativos fundamentalmente el\u00e9ctrico es muy baja derivado, fundamentalmente, del alto precio de estos veh\u00edculos, la falta de infraestructura de recarga generalizada como la aun escasa oferta de producto, aunque este \u00faltimo aspecto mejora r\u00e1pidamente por la decisi\u00f3n de los fabricantes de apoyar totalmente el cambio hacia la movilidad descarbonizada.<\/p>\n<p style=\"font-weight: 400;\">En esta situaci\u00f3n, desde FREDICA se inform\u00f3 al responsable de Transici\u00f3n Ecol\u00f3gica del Gobierno de Canarias que, si la Uni\u00f3n Europea plantea la prohibici\u00f3n de venta de veh\u00edculos t\u00e9rmicos en 2040, lo importante ahora es renovar el parque m\u00f3vil de las islas, siendo necesario propiciar la salida del mismo de los veh\u00edculos m\u00e1s viejos (Canarias cuenta con uno de los parques m\u00f3viles m\u00e1s viejos del Espa\u00f1a).<\/p>\n<p style=\"font-weight: 400;\">Para ello es necesario facilitar a los canarios este tr\u00e1nsito, por lo que en los pr\u00f3ximos a\u00f1os (en los 19 que restan hasta 2040) no se deber\u00eda excluir en los planteamientos de ayudas, aplicar las mismas a los veh\u00edculos t\u00e9rmicos de baja emisi\u00f3n de cara a permitir a las clases medias y las menos pudientes de las islas poder cambiar su viejo coche por uno alternativo o un t\u00e9rmico de muy baja emisi\u00f3n. Desde la Federaci\u00f3n se entiende que las pol\u00edticas de transici\u00f3n, siendo un objetivo completamente compartido, tienen que ser realistas no excluyendo de la posibilidad de renovar su veh\u00edculo a capas importantes de poblaci\u00f3n.<\/p>\n<p style=\"font-weight: 400;\">Igualmente, y para este objetivo de renovaci\u00f3n y tr\u00e1nsito hacia la descarbonizaci\u00f3n, desde FREDICA se reivindic\u00f3 la necesidad de apoyar un plan de renovaci\u00f3n propio para las islas. Canaria sufre una crisis derivada de la pandemia, m\u00e1s grave que en el resto del estado y con unas consecuencias en el empleo igualmente muy superiores. No desarrollar pol\u00edticas de apoyo, aparte de lo comentado respecto a la realidad del mercado de las islas, significar\u00e1 que el parque m\u00f3vil se envejecer\u00e1 a\u00fan m\u00e1s en los pr\u00f3ximos a\u00f1os, con lo que ello implica respecto a emisiones, consumo y seguridad vial.<\/p>\n<p style=\"font-weight: 400;\">A parte de estas importantes cuestiones, el sector coment\u00f3 con el Viceconsejero, algunas cuestiones t\u00e9cnicas del proyecto de Ley que se consideran chocan con el ordenamiento europeo y que se considera debieran corregirse.<\/p>\n<p style=\"font-weight: 400;\">La reuni\u00f3n fue distendida y el consejero se comprometi\u00f3 a analizar los planteamientos realizados. FREDICA aport\u00f3 una ampliaci\u00f3n de sus alegaciones al proyecto de Ley de Cambio Clim\u00e1tico y Transici\u00f3n Energ\u00e9tica que se espera llegue al Parlamento de Canarias a finales de este ejercicio.<\/p>\n<p style=\"font-weight: 400;\"><em>*FREDICA es la principal organizaci\u00f3n del sector de la distribuci\u00f3n del autom\u00f3vil en Canarias. Creada en 1995 tras la uni\u00f3n de AIVA y APEICA, representa a 29 marcas de autom\u00f3viles en las islas. Es la organizaci\u00f3n con la representaci\u00f3n institucional del sector en el movimiento empresarial de Canarias.<\/em><\/p>\n","protected":false},"excerpt":{"rendered":"<p>La Federaci\u00f3n de Importadores y Concesionarios de Autom\u00f3viles, FREDICA, representada por los miembros de su Junta, Rafael Pombriego y Pedro Modesto Campos, se ha reunido con el Viceconsejero de Transici\u00f3n Ecol\u00f3gica, Miguel \u00c1ngel P\u00e9rez, para analizar el proyecto de Ley de Cambio Clim\u00e1tico y Transici\u00f3n Energ\u00e9tica de Canarias, proyecto a\u00fan en tr\u00e1mite y que, tras [&hellip;]<\/p>\n","protected":false},"author":4,"featured_media":30685,"comment_status":"closed","ping_status":"closed","sticky":false,"template":"","format":"standard","meta":{"_acf_changed":false,"rs_blank_template":"","rs_page_bg_color":"#ffffff","slide_template_v7":"","footnotes":""},"categories":[1],"tags":[1934,960,1538,1935],"class_list":["post-30684","post","type-post","status-publish","format-standard","has-post-thumbnail","hentry","category-sin-categoria","tag-descarbonizacion","tag-fredica","tag-rafael-pombriego","tag-viceconsejero-de-transicion-ecologica"],"acf":[],"_links":{"self":[{"href":"https:\/\/femepa.org\/web\/wp-json\/wp\/v2\/posts\/30684","targetHints":{"allow":["GET"]}}],"collection":[{"href":"https:\/\/femepa.org\/web\/wp-json\/wp\/v2\/posts"}],"about":[{"href":"https:\/\/femepa.org\/web\/wp-json\/wp\/v2\/types\/post"}],"author":[{"embeddable":true,"href":"https:\/\/femepa.org\/web\/wp-json\/wp\/v2\/users\/4"}],"replies":[{"embeddable":true,"href":"https:\/\/femepa.org\/web\/wp-json\/wp\/v2\/comments?post=30684"}],"version-history":[{"count":0,"href":"https:\/\/femepa.org\/web\/wp-json\/wp\/v2\/posts\/30684\/revisions"}],"wp:featuredmedia":[{"embeddable":true,"href":"https:\/\/femepa.org\/web\/wp-json\/wp\/v2\/media\/30685"}],"wp:attachment":[{"href":"https:\/\/femepa.org\/web\/wp-json\/wp\/v2\/media?parent=30684"}],"wp:term":[{"taxonomy":"category","embeddable":true,"href":"https:\/\/femepa.org\/web\/wp-json\/wp\/v2\/categories?post=30684"},{"taxonomy":"post_tag","embeddable":true,"href":"https:\/\/femepa.org\/web\/wp-json\/wp\/v2\/tags?post=30684"}],"curies":[{"name":"wp","href":"https:\/\/api.w.org\/{rel}","templated":true}]}}