{"id":31017,"date":"2021-05-04T19:51:01","date_gmt":"2021-05-04T19:51:01","guid":{"rendered":"https:\/\/femepa.org\/web\/?p=31017"},"modified":"2025-08-15T16:18:58","modified_gmt":"2025-08-15T15:18:58","slug":"el-alumnado-trabador-de-los-dos-pfae-gj-de-fundacion-femepa-especializados-en-el-sector-nautico-deportivo-pondra-a-punto-una-embarcacion-del-macan","status":"publish","type":"post","link":"https:\/\/femepa.org\/web\/el-alumnado-trabador-de-los-dos-pfae-gj-de-fundacion-femepa-especializados-en-el-sector-nautico-deportivo-pondra-a-punto-una-embarcacion-del-macan\/","title":{"rendered":"El alumnado-trabajador de los dos PFAE-GJ de Fundaci\u00f3n Femepa, especializados en el sector n\u00e1utico-deportivo, pondr\u00e1 a punto una embarcaci\u00f3n del MACAN"},"content":{"rendered":"<p>La directora de Formaci\u00f3n de Femepa, <strong>Yaiza Enr\u00edquez<\/strong>, y el director del PFAE-GJ Radar de Fundaci\u00f3n Femepa, <strong>Efra\u00edn Socorro<\/strong>, se han reunido \u2013este martes, en la Base A\u00e9rea de Gando- con el suboficial mayor <strong>Javier Mart\u00ednez <\/strong>del Ala 46, del Mando A\u00e9reo de Canarias (MACAN), para cerrar un acuerdo de colaboraci\u00f3n entre ambas entidades, enmarcado en los Programas de Formaci\u00f3n en Alternancia con el Empleo de Garant\u00eda Juvenil, subvencionados por el Servicio Canario de Empleo, Servicio P\u00fablico de Empleo Estatal y Fondo Social Europeo.<\/p>\n<p>Asimismo, los docentes de los dos PFAE-GJ de Fundaci\u00f3n Femepa, especializados en el sector n\u00e1utico-deportivo, tambi\u00e9n acudieron a este encuentro para analizar y valorar el estado de la embarcaci\u00f3n Nazareth II y los trabajos a realizar en ella como obra social.<\/p>\n<p>En este sentido, el alumnado-trabajador de cada PFAE-GJ se ocupar\u00e1 de su parcela, ya que el denominado RADAR est\u00e1 especializado en \u201cInstalaciones y mantenimiento de sistemas el\u00e9ctricos y electr\u00f3nicos de embarcaciones deportivas y de recreo\u201d, mientras el Carena lo est\u00e1 en \u201cPintura, reparaci\u00f3n y construcci\u00f3n de elementos de pl\u00e1stico reforzado con fibra de embarcaciones deportivas y de recreo\u201d.<\/p>\n","protected":false},"excerpt":{"rendered":"<p>La directora de Formaci\u00f3n de Femepa, Yaiza Enr\u00edquez, y el director del PFAE-GJ Radar de Fundaci\u00f3n Femepa, Efra\u00edn Socorro, se han reunido \u2013este martes, en la Base A\u00e9rea de Gando- con el suboficial mayor Javier Mart\u00ednez del Ala 46, del Mando A\u00e9reo de Canarias (MACAN), para cerrar un acuerdo de colaboraci\u00f3n entre ambas entidades, enmarcado [&hellip;]<\/p>\n","protected":false},"author":4,"featured_media":31018,"comment_status":"closed","ping_status":"closed","sticky":false,"template":"","format":"standard","meta":{"_acf_changed":false,"rs_blank_template":"","rs_page_bg_color":"","slide_template_v7":"","footnotes":""},"categories":[3219,1],"tags":[1947,1001,664,1948,1949,1115],"class_list":["post-31017","post","type-post","status-publish","format-standard","has-post-thumbnail","hentry","category-pfae-gj","category-sin-categoria","tag-efrain-socorro","tag-fundacion-femepa","tag-macan","tag-pfae-gj-carena","tag-pfae-gj-radar","tag-yaiza-enriquez"],"acf":[],"_links":{"self":[{"href":"https:\/\/femepa.org\/web\/wp-json\/wp\/v2\/posts\/31017","targetHints":{"allow":["GET"]}}],"collection":[{"href":"https:\/\/femepa.org\/web\/wp-json\/wp\/v2\/posts"}],"about":[{"href":"https:\/\/femepa.org\/web\/wp-json\/wp\/v2\/types\/post"}],"author":[{"embeddable":true,"href":"https:\/\/femepa.org\/web\/wp-json\/wp\/v2\/users\/4"}],"replies":[{"embeddable":true,"href":"https:\/\/femepa.org\/web\/wp-json\/wp\/v2\/comments?post=31017"}],"version-history":[{"count":1,"href":"https:\/\/femepa.org\/web\/wp-json\/wp\/v2\/posts\/31017\/revisions"}],"predecessor-version":[{"id":50023,"href":"https:\/\/femepa.org\/web\/wp-json\/wp\/v2\/posts\/31017\/revisions\/50023"}],"wp:featuredmedia":[{"embeddable":true,"href":"https:\/\/femepa.org\/web\/wp-json\/wp\/v2\/media\/31018"}],"wp:attachment":[{"href":"https:\/\/femepa.org\/web\/wp-json\/wp\/v2\/media?parent=31017"}],"wp:term":[{"taxonomy":"category","embeddable":true,"href":"https:\/\/femepa.org\/web\/wp-json\/wp\/v2\/categories?post=31017"},{"taxonomy":"post_tag","embeddable":true,"href":"https:\/\/femepa.org\/web\/wp-json\/wp\/v2\/tags?post=31017"}],"curies":[{"name":"wp","href":"https:\/\/api.w.org\/{rel}","templated":true}]}}