{"id":31033,"date":"2021-05-10T12:08:06","date_gmt":"2021-05-10T12:08:06","guid":{"rendered":"https:\/\/femepa.org\/web\/?p=31033"},"modified":"2021-05-10T12:08:06","modified_gmt":"2021-05-10T12:08:06","slug":"el-gobierno-de-canarias-pondra-en-marcha-un-plan-de-ayudas-especifico-para-renovar-el-parque-movil-de-las-islas","status":"publish","type":"post","link":"https:\/\/femepa.org\/web\/el-gobierno-de-canarias-pondra-en-marcha-un-plan-de-ayudas-especifico-para-renovar-el-parque-movil-de-las-islas\/","title":{"rendered":"El Gobierno de Canarias pondr\u00e1 en marcha un plan de ayudas espec\u00edfico para renovar el parque m\u00f3vil de las Islas"},"content":{"rendered":"<p style=\"font-weight: 400; text-align: center;\"><strong>El presidente presenta la primicia en el acto de entrega del coche del a\u00f1o en Canarias<\/strong><\/p>\n<p style=\"font-weight: 400;\">Con motivo de la celebraci\u00f3n del acto anual de entrega del galard\u00f3n Coche del A\u00f1o de Canarias, celebrado el pasado 6 de mayo, \u00a0el Presidente del Gobierno de Canarias, don \u00c1ngel V\u00edctor Torres, anunci\u00f3 que el Gobierno de Canarias pondr\u00e1 en marcha un plan para ayudar a la renovaci\u00f3n del parque m\u00f3vil con una ayuda que actuar\u00e1 como complemento para las personas con rentas medias y bajas de Canarias.<\/p>\n<p style=\"font-weight: 400;\">La primicia fue anunciada en la intervenci\u00f3n del Presidente, donde se\u00f1al\u00f3 que el Plan MOVE III con una partida de 400 millones de euros, significar\u00e1 para Canarias la recepci\u00f3n de 38 millones de euros que ser\u00e1n fundamentales para avanzar hacia la descarbonizaci\u00f3n del parque m\u00f3vil de las islas.<\/p>\n<p style=\"font-weight: 400;\">Con relaci\u00f3n a ello, record\u00f3 que es fundamental que, en el tr\u00e1nsito hacia la descarbonizaci\u00f3n, nadie se quede atr\u00e1s, siendo por ello fundamental una ayuda que apoye a las personas con rentas medias y bajas y con ello tratar de solventar en parte la diferencia de precios de los veh\u00edculos alternativos. Igualmente, el Presidente destac\u00f3 el inter\u00e9s por desarrollar el despliegue de puntos de recarga por todo el archipi\u00e9lago.<\/p>\n<p style=\"font-weight: 400;\">La intervenci\u00f3n de \u00c1ngel V\u00edctor Torres se realiz\u00f3 despu\u00e9s de la intervenci\u00f3n del presidente de FREDICA, Rafael Pombriego, quien destac\u00f3 el momento de crisis por el que pasa el sector y la necesidad de desarrollar planes de ayuda espec\u00edficos para Canarias, comunidad que presenta una situaci\u00f3n econ\u00f3mica mucho m\u00e1s complicada que el resto del estado.<\/p>\n<p style=\"font-weight: 400;\">En el acto tambi\u00e9n intervino el presidente del Cabildo de Tenerife, Pedro Mart\u00edn, quien destac\u00f3 su apoyo al sector del autom\u00f3vil en Canarias, como sector innovador y parte fundamental de la econom\u00eda de las islas.<\/p>\n<p style=\"font-weight: 400;\">La primicia realizada por el Presidente de Canarias se realiz\u00f3 en el acto de entrega del galard\u00f3n Coche del A\u00f1o de Canarias, premio organizado por la Asociaci\u00f3n de la Prensa del Motor APEMOC, que preside el periodista Jos\u00e9 Manuel Su\u00e1rez. El premio correspondi\u00f3, este a\u00f1o 2021, al modelo KUGA de la marca FORD siendo entregado el trofeo por el Presidente del Gobierno al Presidente de FORD Espa\u00f1a Jes\u00fas Alonso.<\/p>\n<p style=\"font-weight: 400;\">ARCHIAUTO el concesionario de FORD en Tenerife, Gran Canaria y Fuerteventura fue la organizadora del acto, contando con la presencia de su presidente Jes\u00fas Orozco.<\/p>\n<p style=\"font-weight: 400;\">Para FREDICA el anuncio realizado por el presidente se considera muy positivo y abre la esperanza para que Canarias no quede rezagada respecto a la renovaci\u00f3n del parque m\u00f3vil.<\/p>\n<p style=\"font-weight: 400;\">Aunque falta por conocer en profundidad la f\u00f3rmula como el importe y el momento de la puesta en marcha de este plan de ayuda complementario, para FREDICA es importante que el Gobierno Canario adopte medidas espec\u00edficas de apoyo. Esperamos que en las pr\u00f3ximas semanas sepamos m\u00e1s de esta iniciativa.<\/p>\n","protected":false},"excerpt":{"rendered":"<p>El presidente presenta la primicia en el acto de entrega del coche del a\u00f1o en Canarias Con motivo de la celebraci\u00f3n del acto anual de entrega del galard\u00f3n Coche del A\u00f1o de Canarias, celebrado el pasado 6 de mayo, \u00a0el Presidente del Gobierno de Canarias, don \u00c1ngel V\u00edctor Torres, anunci\u00f3 que el Gobierno de Canarias [&hellip;]<\/p>\n","protected":false},"author":4,"featured_media":31034,"comment_status":"closed","ping_status":"closed","sticky":false,"template":"","format":"standard","meta":{"_acf_changed":false,"rs_blank_template":"","rs_page_bg_color":"#ffffff","slide_template_v7":"","footnotes":""},"categories":[1],"tags":[1758,64,1950,960,140,1951,1538],"class_list":["post-31033","post","type-post","status-publish","format-standard","has-post-thumbnail","hentry","category-sin-categoria","tag-angel-victor-torres","tag-femepa","tag-ford-kuga","tag-fredica","tag-gobierno-de-canarias","tag-plan-move-iii","tag-rafael-pombriego"],"acf":[],"_links":{"self":[{"href":"https:\/\/femepa.org\/web\/wp-json\/wp\/v2\/posts\/31033","targetHints":{"allow":["GET"]}}],"collection":[{"href":"https:\/\/femepa.org\/web\/wp-json\/wp\/v2\/posts"}],"about":[{"href":"https:\/\/femepa.org\/web\/wp-json\/wp\/v2\/types\/post"}],"author":[{"embeddable":true,"href":"https:\/\/femepa.org\/web\/wp-json\/wp\/v2\/users\/4"}],"replies":[{"embeddable":true,"href":"https:\/\/femepa.org\/web\/wp-json\/wp\/v2\/comments?post=31033"}],"version-history":[{"count":0,"href":"https:\/\/femepa.org\/web\/wp-json\/wp\/v2\/posts\/31033\/revisions"}],"wp:featuredmedia":[{"embeddable":true,"href":"https:\/\/femepa.org\/web\/wp-json\/wp\/v2\/media\/31034"}],"wp:attachment":[{"href":"https:\/\/femepa.org\/web\/wp-json\/wp\/v2\/media?parent=31033"}],"wp:term":[{"taxonomy":"category","embeddable":true,"href":"https:\/\/femepa.org\/web\/wp-json\/wp\/v2\/categories?post=31033"},{"taxonomy":"post_tag","embeddable":true,"href":"https:\/\/femepa.org\/web\/wp-json\/wp\/v2\/tags?post=31033"}],"curies":[{"name":"wp","href":"https:\/\/api.w.org\/{rel}","templated":true}]}}