{"id":31864,"date":"2021-07-07T13:06:02","date_gmt":"2021-07-07T13:06:02","guid":{"rendered":"https:\/\/femepa.org\/web\/?p=31864"},"modified":"2021-07-07T13:06:02","modified_gmt":"2021-07-07T13:06:02","slug":"programa-free-rehabilitacion-energetica-de-edificios","status":"publish","type":"post","link":"https:\/\/femepa.org\/web\/programa-free-rehabilitacion-energetica-de-edificios\/","title":{"rendered":"Programa PREE, rehabilitaci\u00f3n energ\u00e9tica de edificios"},"content":{"rendered":"<p style=\"font-weight: 400\">El 05 de julio se public\u00f3 el extracto de inicio del procedimiento de concesi\u00f3n directa por razones de inter\u00e9s p\u00fablico de las subvenciones del Programa de ayudas para actuaciones de rehabilitaci\u00f3n energ\u00e9tica en edificios existentes y se regula la concesi\u00f3n directa de las ayudas de este programa a las comunidades aut\u00f3nomas y a las ciudades de Ceuta y Melilla (Programa PREE).<\/p>\n<p style=\"font-weight: 400\"><strong>Destinatarios:\u00a0<\/strong><\/p>\n<ol>\n<li style=\"font-weight: 400\">a) Las personas f\u00edsicas o jur\u00eddicas de naturaleza privada o p\u00fablica que sean propietarias de edificios existentes destinados a cualquier uso.<\/li>\n<li style=\"font-weight: 400\">b) Las comunidades de propietarios o las agrupaciones de comunidades de propietarios de edificios residenciales de uso vivienda, constituidas conforme a lo dispuesto por el art\u00edculo 5 de la Ley 49\/1960, de 21 de julio, de Propiedad Horizontal.<\/li>\n<li style=\"font-weight: 400\">c) Los propietarios que de forma agrupada sean propietarios de edificios, que re\u00fanan los requisitos establecidos en el art\u00edculo 396 del C\u00f3digo Civil y no hubiesen otorgado el t\u00edtulo constitutivo de Propiedad Horizontal.<\/li>\n<li style=\"font-weight: 400\">d) Las empresas explotadoras, arrendatarias o concesionarias de edificios, que acrediten dicha condici\u00f3n mediante contrato vigente a largo plazo con la propiedad, que les otorgue facultad expresa para acometer las obras de reforma objeto de la actuaci\u00f3n a incluir en el Programa.<\/li>\n<li style=\"font-weight: 400\">e) Las empresas de servicios energ\u00e9ticos (ESEs), o proveedores de servicios energ\u00e9ticos definidas en el Real Decreto 56\/2016, de 12 de febrero.<\/li>\n<li style=\"font-weight: 400\">f) Las entidades locales conforme al art\u00edculo 3 de la Ley 7\/1985, de 2 de abril, reguladora de las Bases del R\u00e9gimen Local.<\/li>\n<li style=\"font-weight: 400\">g) Las comunidades de energ\u00edas renovables y las comunidades ciudadanas de energ\u00eda, seg\u00fan definici\u00f3n de la Directiva 2018\/2001, del Parlamento Europeo y del Consejo, de 11 de diciembre de 2018.<\/li>\n<\/ol>\n<p style=\"font-weight: 400\"><strong>Objeto:<\/strong><\/p>\n<p style=\"font-weight: 400\">Podr\u00e1n ser objeto de las presentes ayudas las actuaciones en edificios completos existentes (opci\u00f3n A) en la Comunidad Aut\u00f3noma de Canarias, para los siguientes usos:<\/p>\n<ol>\n<li style=\"font-weight: 400\">Edificios de tipolog\u00eda residencial colectiva de vivienda.<\/li>\n<li style=\"font-weight: 400\">Edificios de cualquier otro uso (administrativo, sanitario, docente, cultural, etc.) de los regulados por el art\u00edculo 2.1 de la Ley 38\/1999, de 5 de noviembre, de Ordenaci\u00f3n de la Edificaci\u00f3n (LOE).<\/li>\n<\/ol>\n<p style=\"font-weight: 400\"><strong>Actuaciones:<\/strong><\/p>\n<p style=\"font-weight: 400\">Las actuaciones objeto de ayuda deben mejorar la calificaci\u00f3n energ\u00e9tica total del edificio en, al menos, una letra medida en la escala de emisiones de di\u00f3xido de carbono (kg CO2\/m2 a\u00f1o), con respecto a la calificaci\u00f3n energ\u00e9tica inicial del edificio, y deben encuadrarse en una o varias de las siguientes tipolog\u00edas:<\/p>\n<ul>\n<li style=\"font-weight: 400\">Tipolog\u00eda 1: mejora de la eficiencia energ\u00e9tica de la envolvente t\u00e9rmica.<\/li>\n<li style=\"font-weight: 400\">Tipolog\u00eda 2: mejora de la eficiencia energ\u00e9tica y uso de energ\u00edas renovables en las instalaciones t\u00e9rmicas de calefacci\u00f3n, climatizaci\u00f3n, refrigeraci\u00f3n, ventilaci\u00f3n y agua caliente sanitaria.<\/li>\n<li style=\"font-weight: 400\">Tipolog\u00eda 3: mejora de la eficiencia energ\u00e9tica de las instalaciones de iluminaci\u00f3n.<\/li>\n<\/ul>\n<p style=\"font-weight: 400\"><strong>Cuant\u00eda:<\/strong><\/p>\n<p style=\"font-weight: 400\">La cuant\u00eda de las ayudas base contempladas en el Programa PREE para actuaciones en edificios completos, ser\u00e1:<\/p>\n<p style=\"font-weight: 400\">&#8211;\u00a0\u00a0\u00a0\u00a0\u00a0\u00a0\u00a0\u00a0\u00a0\u00a0Para todas las tipolog\u00edas de actuaci\u00f3n del 35% del coste elegible, salvo en el caso de las mejoras de eficiencia energ\u00e9tica en instalaciones de iluminaci\u00f3n, en los que la ayuda ser\u00e1 del 15%. En caso de que se opte por rehabilitaciones en viviendas o locales individuales dentro de edificios, este porcentaje ser\u00e1 del 25% y del 15%, respectivamente, pudiendo contar con ayudas adicionales diferentes en funci\u00f3n del uso del edificio y, si se cumplen los criterios de eficiencia energ\u00e9tica, criterios sociales o criterios de actuaciones integradas y en lo que se refiere a los criterios sociales, el Real Decreto establece que tendr\u00e1n derecho a ayudas adicionales las actuaciones que se realicen en edificios de vivienda que hayan sido calificados definitivamente bajo alg\u00fan r\u00e9gimen de protecci\u00f3n p\u00fablica y \u00a0en edificios de viviendas situados en las \u00c1reas de Regeneraci\u00f3n y Renovaci\u00f3n Urbanas o Rurales, Tambi\u00e9n podr\u00e1n acogerse a este criterio social aquellos consumidores que tengan concedido el bono social, seg\u00fan se determine en las convocatorias que realicen las comunidades aut\u00f3nomas.<\/p>\n<p style=\"font-weight: 400\">&#8211;\u00a0\u00a0\u00a0\u00a0\u00a0\u00a0\u00a0\u00a0\u00a0\u00a0As\u00ed mismo, tendr\u00e1n derecho a una ayuda adicional por mejora de la eficiencia energ\u00e9tica, aquellas actuaciones que eleven la calificaci\u00f3n energ\u00e9tica del edificio para obtener una clase energ\u00e9tica \u00abA\u00bb o \u00abB\u00bb, en la escala de CO2, o bien, incrementen en dos letras la calificaci\u00f3n energ\u00e9tica de partida,<\/p>\n<p style=\"font-weight: 400\">&#8211;\u00a0\u00a0\u00a0\u00a0\u00a0\u00a0\u00a0\u00a0\u00a0\u00a0Adem\u00e1s, tendr\u00e1n derecho a ayudas adicionales \u00a0las actuaciones integradas; es decir las que combinen simult\u00e1neamente \u00a0dos o m\u00e1s tipolog\u00edas, siendo una de ellas \u00a0sobre la envolvente t\u00e9rmica que implique \u00a0una disminuci\u00f3n de la demanda del 30% \u00a0en climatizaci\u00f3n, combinada \u00a0con otra \u00a0actuaci\u00f3n, bien sobre la instalaci\u00f3n t\u00e9rmica \u00a0que suponga , al menos, la sustituci\u00f3n del 60% de la potencia de la generaci\u00f3n \u00a0t\u00e9rmica existente; o bien \u00a0sobre la iluminaci\u00f3n, en el caso de los edificios de uso diferente a la vivienda, que suponga la renovaci\u00f3n de m\u00e1s de un 25% de la superficie iluminada.<\/p>\n<p style=\"font-weight: 400\">&#8211;\u00a0\u00a0\u00a0\u00a0\u00a0\u00a0\u00a0\u00a0\u00a0\u00a0En cualquier caso, tambi\u00e9n se podr\u00eda cumplir la condici\u00f3n de actuaci\u00f3n integrada cuando se act\u00fae siempre sobre la envolvente t\u00e9rmica y adem\u00e1s, una de las otras tipolog\u00edas de actuaci\u00f3n sean sustituidas por la realizaci\u00f3n de una instalaci\u00f3n solar fotovoltaica o de otra tecnolog\u00eda renovable de generaci\u00f3n el\u00e9ctrica, con o sin acumulaci\u00f3n, destinada al autoconsumo del edificio cuando su potencia instalada sea como m\u00ednimo del 10% de la potencia el\u00e9ctrica contratada.<\/p>\n<p style=\"font-weight: 400\">&#8211;\u00a0\u00a0\u00a0\u00a0\u00a0\u00a0\u00a0\u00a0\u00a0\u00a0Igualmente, tendr\u00e1n derecho a ayuda adicional integrada los edificios rehabilitados por las comunidades de energ\u00edas renovables o las comunidades ciudadanas de energ\u00eda.<\/p>\n<p style=\"font-weight: 400\">Por tanto, mediante una ayuda adicional, se pueden incrementar dichas ayudas base en, hasta un 15% si cumple el criterio social, hasta un 15% si la actuaci\u00f3n alcanza la clase energ\u00e9tica A y hasta un 20% si se cumple el criterio de actuaci\u00f3n integrada.<\/p>\n<p style=\"font-weight: 400\">El importe de la ayuda total estar\u00e1, no obstante, limitado por el importe m\u00e1ximo que resulte de la aplicaci\u00f3n de la normativa de ayudas de Estado<\/p>\n<p style=\"font-weight: 400\"><strong>Plazo y de presentaci\u00f3n de solicitudes:\u00a0<\/strong><\/p>\n<p style=\"font-weight: 400\">Se establece un plazo de admisi\u00f3n de solicitudes a partir de las 9:00h del d\u00eda h\u00e1bil siguiente de la publicaci\u00f3n del extracto en el BOC (es decir a partir del 6 de julio), y finalizar\u00e1 cunado concurra alguna de estas circunstancias:<\/p>\n<ol>\n<li style=\"font-weight: 400\">a) Que, conforme a las solicitudes recibidas, se agote el presupuesto disponible.<\/li>\n<li style=\"font-weight: 400\">b) Con la conclusi\u00f3n de la vigencia del programa, lo cual suceder\u00e1 el 31 de julio de 2021.<\/li>\n<\/ol>\n<p style=\"font-weight: 400\"><strong>Forma de presentaci\u00f3n de solicitudes:<\/strong><\/p>\n<ol>\n<li style=\"font-weight: 400\">a) Para personas jur\u00eddicas, obligatoriamente a trav\u00e9s del respectivo procedimiento dela sede electr\u00f3nica de la Consejer\u00eda de Transici\u00f3n Ecol\u00f3gica, Lucha contra el Cambio Clim\u00e1tico y Planificaci\u00f3n Territorial:<a href=\"https:\/\/sede.gobcan.es\/sede\/procedimientos_servicios\/tramites\/6892\" data-saferedirecturl=\"https:\/\/www.google.com\/url?q=https:\/\/sede.gobcan.es\/sede\/procedimientos_servicios\/tramites\/6892&amp;source=gmail&amp;ust=1625733149171000&amp;usg=AFQjCNGnvv-uTFMI3_0s2XeYEenJHO6edw\">https:\/\/sede.gobcan.es\/sede\/procedimientos_servicios\/tramites\/6892<\/a><\/li>\n<li style=\"font-weight: 400\">b) No obstante lo establecido en el apartado anterior, las personas f\u00edsicas, salvo que est\u00e9n obligadas a relacionarse a trav\u00e9s de medios electr\u00f3nicos con las Administraciones P\u00fablicas en aplicaci\u00f3n del art\u00edculo 14 de la Ley 39\/2015, de 1 de octubre, del Procedimiento Administrativo Com\u00fan de las Administraciones P\u00fablicas, podr\u00e1n efectuar su solicitud mediante la cumplimentaci\u00f3n del modelo normalizado de solicitud disponible en<a href=\"https:\/\/sede.gobcan.es\/sede\/procedimientos_servicios\/tramites\/6892\" data-saferedirecturl=\"https:\/\/www.google.com\/url?q=https:\/\/sede.gobcan.es\/sede\/procedimientos_servicios\/tramites\/6892&amp;source=gmail&amp;ust=1625733149171000&amp;usg=AFQjCNGnvv-uTFMI3_0s2XeYEenJHO6edw\">https:\/\/sede.gobcan.es\/sede\/procedimientos_servicios\/tramites\/6892<\/a>imprimiendo el mismo, firmando y presentando en formato papel para su registro.<\/li>\n<\/ol>\n<p><em>Para m\u00e1s informaci\u00f3n puedes contactar con la T\u00e9cnica de Innovaci\u00f3n de Femepa al 928296161 ext#2032, y en el correo electr\u00f3nico,\u00a0<\/em><a href=\"mailto:obdulia.martin@femepa.es\"><em>obdulia.martin@femepa.es<\/em><\/a><\/p>\n","protected":false},"excerpt":{"rendered":"<p>El 05 de julio se public\u00f3 el extracto de inicio del procedimiento de concesi\u00f3n directa por razones de inter\u00e9s p\u00fablico de las subvenciones del Programa de ayudas para actuaciones de rehabilitaci\u00f3n energ\u00e9tica en edificios existentes y se regula la concesi\u00f3n directa de las ayudas de este programa a las comunidades aut\u00f3nomas y a las ciudades [&hellip;]<\/p>\n","protected":false},"author":4,"featured_media":31868,"comment_status":"closed","ping_status":"closed","sticky":false,"template":"","format":"standard","meta":{"_acf_changed":false,"rs_blank_template":"","rs_page_bg_color":"#ffffff","slide_template_v7":"","footnotes":""},"categories":[1],"tags":[2006,161,2007,2008],"class_list":["post-31864","post","type-post","status-publish","format-standard","has-post-thumbnail","hentry","category-sin-categoria","tag-programa-free","tag-red-cide","tag-rehabilitacion-energetica","tag-rehabilitacion-energetica-de-edificios"],"acf":[],"_links":{"self":[{"href":"https:\/\/femepa.org\/web\/wp-json\/wp\/v2\/posts\/31864","targetHints":{"allow":["GET"]}}],"collection":[{"href":"https:\/\/femepa.org\/web\/wp-json\/wp\/v2\/posts"}],"about":[{"href":"https:\/\/femepa.org\/web\/wp-json\/wp\/v2\/types\/post"}],"author":[{"embeddable":true,"href":"https:\/\/femepa.org\/web\/wp-json\/wp\/v2\/users\/4"}],"replies":[{"embeddable":true,"href":"https:\/\/femepa.org\/web\/wp-json\/wp\/v2\/comments?post=31864"}],"version-history":[{"count":0,"href":"https:\/\/femepa.org\/web\/wp-json\/wp\/v2\/posts\/31864\/revisions"}],"wp:featuredmedia":[{"embeddable":true,"href":"https:\/\/femepa.org\/web\/wp-json\/wp\/v2\/media\/31868"}],"wp:attachment":[{"href":"https:\/\/femepa.org\/web\/wp-json\/wp\/v2\/media?parent=31864"}],"wp:term":[{"taxonomy":"category","embeddable":true,"href":"https:\/\/femepa.org\/web\/wp-json\/wp\/v2\/categories?post=31864"},{"taxonomy":"post_tag","embeddable":true,"href":"https:\/\/femepa.org\/web\/wp-json\/wp\/v2\/tags?post=31864"}],"curies":[{"name":"wp","href":"https:\/\/api.w.org\/{rel}","templated":true}]}}