{"id":31897,"date":"2021-07-09T18:48:31","date_gmt":"2021-07-09T18:48:31","guid":{"rendered":"https:\/\/femepa.org\/web\/?p=31897"},"modified":"2021-07-09T18:48:31","modified_gmt":"2021-07-09T18:48:31","slug":"la-consejeria-de-economia-conocimiento-y-empleo-del-gobierno-de-canarias-recibe-a-los-representantes-de-fredica","status":"publish","type":"post","link":"https:\/\/femepa.org\/web\/la-consejeria-de-economia-conocimiento-y-empleo-del-gobierno-de-canarias-recibe-a-los-representantes-de-fredica\/","title":{"rendered":"La Consejer\u00eda de Econom\u00eda, Conocimiento y Empleo del Gobierno de Canarias recibe a los representantes de FREDICA"},"content":{"rendered":"<p style=\"font-weight: 400\">Este viernes se ha celebrado una reuni\u00f3n de trabajo de la Consejer\u00eda de Econom\u00eda del Gobierno de Canarias, representada por la <strong>consejera Elena M\u00e1\u00f1ez<\/strong> y el <strong>viceconsejero del mismo departamento, Blas Acosta<\/strong> con <strong>Rafael Pombriego, vicepresidente ejecutivo de FREDICA<\/strong> y el <strong>directivo del sector Fernando Delgado<\/strong>.<\/p>\n<p style=\"font-weight: 400\">Tras disculpar la asistencia del nuevo presidente de la Federaci\u00f3n, Jes\u00fas Orozco, por compromisos previos, los representantes del sector explicaron a los titulares de econom\u00eda la complicada situaci\u00f3n por la que atraviesa el sector del autom\u00f3vil en Canarias, derivada, en parte, de la situaci\u00f3n generada por el Covid-19.<\/p>\n<p style=\"font-weight: 400\">Con una ca\u00edda de las ventas del 42% en 2020 y datos similares en 2021, el sector est\u00e1 pasando por unos momentos de importante incertidumbre, no solo por la parte econ\u00f3mica, sino tambi\u00e9n por el momento disruptivo por el que atraviesa el sector.<\/p>\n<p style=\"font-weight: 400\">La necesidad de poner en marcha el <strong>plan MOVE III<\/strong> por parte del Gobierno de Canarias, como el planteamiento de un plan de renovaci\u00f3n propio o complementario en Canarias, tras el anuncio que sobre esta posibilidad realiz\u00f3 el presidente canario en fecha reciente, fueron tratados en esta reuni\u00f3n.<\/p>\n<p style=\"font-weight: 400\">Igualmente, FREDICA reiter\u00f3 el planteamiento de reducir temporalmente el IGIC incrementado que se aplica a la compra de autom\u00f3viles a particulares para tratar de animar un mercado fuertemente afectado como para que sea un incentivo que, junto con los planes de renovaci\u00f3n, permita rejuvenecer el parque m\u00f3vil de Canarias que es de los m\u00e1s viejos de Espa\u00f1a.<\/p>\n<p style=\"font-weight: 400\">Del mismo modo, por los representantes de FREDICA se inform\u00f3 sobre la reciente constituci\u00f3n de la <strong>MESA INTERSECTORIAL DE LA MOVILIDAD<\/strong>, donde participa FREDICA, y que pretende convertirse en un instrumento de interlocuci\u00f3n de todos los sectores que tienen que ver con la nueva movilidad sostenible con las distintas administraciones p\u00fablicas. Esta mesa ser\u00e1, tambi\u00e9n, un punto de encuentro empresarial de sectores diversos para desarrollar proyectos relacionados con la movilidad.<\/p>\n<p style=\"font-weight: 400\">M\u00e1\u00f1ez, se\u00f1al\u00f3 que abordar\u00e1n desde su departamento todas las cuestiones tratadas, mostrando especial inter\u00e9s en la medida temporal de reducci\u00f3n de tipos, pero sobre todo, con relaci\u00f3n al desarrollo de la mesa intersectorial.<\/p>\n<p style=\"font-weight: 400\">En este aspecto destac\u00f3 que, por su departamento existe mucho inter\u00e9s en desarrollar este tipo de planteamientos, fundamentalmente, los vinculados al desarrollo del conocimiento y formaci\u00f3n. La consejera considera, en coincidencia con FREDICA que, con la digitalizaci\u00f3n se producir\u00e1n cambios disruptivos y se tiene que formar a los ciudadanos como a las empresas para estar preparados para un futuro inmediato. En este sentido, la consejer\u00eda acompa\u00f1ar\u00e1 al sector empresarial en este proyecto.<\/p>\n<p style=\"font-weight: 400\">La reuni\u00f3n fue distendida quedando abierta la puerta para seguir trabajando administraci\u00f3n y sector empresarial<\/p>\n<p>&nbsp;<\/p>\n","protected":false},"excerpt":{"rendered":"<p>Este viernes se ha celebrado una reuni\u00f3n de trabajo de la Consejer\u00eda de Econom\u00eda del Gobierno de Canarias, representada por la consejera Elena M\u00e1\u00f1ez y el viceconsejero del mismo departamento, Blas Acosta con Rafael Pombriego, vicepresidente ejecutivo de FREDICA y el directivo del sector Fernando Delgado. Tras disculpar la asistencia del nuevo presidente de la [&hellip;]<\/p>\n","protected":false},"author":4,"featured_media":31898,"comment_status":"closed","ping_status":"closed","sticky":false,"template":"","format":"standard","meta":{"_acf_changed":false,"rs_blank_template":"","rs_page_bg_color":"#ffffff","slide_template_v7":"","footnotes":""},"categories":[1],"tags":[1405,1534,960,1991,1951],"class_list":["post-31897","post","type-post","status-publish","format-standard","has-post-thumbnail","hentry","category-sin-categoria","tag-consejeria-de-economia","tag-elena-manez","tag-fredica","tag-mesa-intersectorial-de-la-movilidad","tag-plan-move-iii"],"acf":[],"_links":{"self":[{"href":"https:\/\/femepa.org\/web\/wp-json\/wp\/v2\/posts\/31897","targetHints":{"allow":["GET"]}}],"collection":[{"href":"https:\/\/femepa.org\/web\/wp-json\/wp\/v2\/posts"}],"about":[{"href":"https:\/\/femepa.org\/web\/wp-json\/wp\/v2\/types\/post"}],"author":[{"embeddable":true,"href":"https:\/\/femepa.org\/web\/wp-json\/wp\/v2\/users\/4"}],"replies":[{"embeddable":true,"href":"https:\/\/femepa.org\/web\/wp-json\/wp\/v2\/comments?post=31897"}],"version-history":[{"count":0,"href":"https:\/\/femepa.org\/web\/wp-json\/wp\/v2\/posts\/31897\/revisions"}],"wp:featuredmedia":[{"embeddable":true,"href":"https:\/\/femepa.org\/web\/wp-json\/wp\/v2\/media\/31898"}],"wp:attachment":[{"href":"https:\/\/femepa.org\/web\/wp-json\/wp\/v2\/media?parent=31897"}],"wp:term":[{"taxonomy":"category","embeddable":true,"href":"https:\/\/femepa.org\/web\/wp-json\/wp\/v2\/categories?post=31897"},{"taxonomy":"post_tag","embeddable":true,"href":"https:\/\/femepa.org\/web\/wp-json\/wp\/v2\/tags?post=31897"}],"curies":[{"name":"wp","href":"https:\/\/api.w.org\/{rel}","templated":true}]}}