{"id":32238,"date":"2021-07-29T09:43:26","date_gmt":"2021-07-29T09:43:26","guid":{"rendered":"https:\/\/femepa.org\/web\/?p=32238"},"modified":"2021-07-29T09:43:26","modified_gmt":"2021-07-29T09:43:26","slug":"la-camara-de-comercio-de-gran-canaria-lanza-el-programa-int-ecomm-2021","status":"publish","type":"post","link":"https:\/\/femepa.org\/web\/la-camara-de-comercio-de-gran-canaria-lanza-el-programa-int-ecomm-2021\/","title":{"rendered":"La C\u00e1mara de Comercio de Gran Canaria lanza el Programa\u00a0INT-ECOMM 2021"},"content":{"rendered":"<p style=\"font-weight: 400\">El\u00a0<strong>\u201cPrograma Int-eComm 2021\u201d<\/strong>\u00a0es un Programa espec\u00edfico de e-commerce Internacional que tiene como objetivo principal apoyar a la empresa a incrementar sus ventas online en un mercado exterior objetivo trav\u00e9s de una estrategia de e-commerce, contribuyendo a incorporar la estrategia digital en la empresa y reforzando, de este modo, su proceso de internacionalizaci\u00f3n, fomentando sus ventas internacionales. El Programa consta de una fase de asesoramiento y una fase de ayudas.<\/p>\n<p style=\"font-weight: 400\"><strong>Objeto<\/strong><\/p>\n<p style=\"font-weight: 400\">Este Programa tiene como objetivo principal mejorar los procesos de internacionalizaci\u00f3n de las Pymes y su capacidad para operar en entornos digitales globales, mediante el desarrollo e implementaci\u00f3n de estrategias y Planes de Acci\u00f3n en ecommerce internacional, ayudando de esta forma a incrementar las ventas internacionales a trav\u00e9s de marketplaces y\/o tiendas online en los mercados exteriores.<\/p>\n<p style=\"font-weight: 400\"><strong>Beneficiarios<\/strong><\/p>\n<p style=\"font-weight: 400\">La presente convocatoria tiene por objeto promover la participaci\u00f3n de las empresas (micro, peque\u00f1as y medianas) y las personas inscritas en el R\u00e9gimen Especial de Trabajadores Aut\u00f3nomos de la demarcaci\u00f3n cameral de la C\u00e1mara de Comercio de Gran Canaria.<\/p>\n<p style=\"font-weight: 400\">Destacar de los requisitos de los beneficiarios:<\/p>\n<ul>\n<li style=\"font-weight: 400\">Disponer de p\u00e1gina Web operativa.<\/li>\n<li style=\"font-weight: 400\">Disponer de producto propio, sobre el que se centrar\u00e1 el dise\u00f1o de la estrategia de e-commerce y el desarrollo del Plan de Acci\u00f3n.<\/li>\n<li style=\"font-weight: 400\">Centrar la estrategia de e-commerce en un mercado internacional que se elegir\u00e1 en la fase de asesoramiento.<\/li>\n<\/ul>\n<p><strong>Descripci\u00f3n de las acciones del Programa<\/strong><\/p>\n<p>El Programa consta de dos fases de ayudas:<\/p>\n<ul>\n<li>La <u>fase de asesoramiento<\/u>\u00a0es gratuita para la empresa y, en ella, la empresa contar\u00e1 con el apoyo de un t\u00e9cnico especialista en internacionalizaci\u00f3n, que le ayudar\u00e1 a dise\u00f1ar un plan de ecommerce en un mercado internacional concreto. Esta fase tiene una duraci\u00f3n m\u00e1xima de tres meses. Durante la fase de asesoramiento se realiza un an\u00e1lisis interno de la empresa, un an\u00e1lisis externo y un an\u00e1lisis de mercados y se dise\u00f1ar\u00e1 la estrategia de e-commerce, con un Plan de Acci\u00f3n para el mercado que la empresa haya seleccionado.<\/li>\n<li>La <u>fase de ayudas<\/u>\u00a0la empresa cuenta con un presupuesto de 7.000\u20ac, cofinanciado por el FEDER en un 85% para el desarrollo de las actuaciones contempladas en el Plan de Acci\u00f3n definido en la fase de asesoramiento. La duraci\u00f3n de la fase de ayudas es de 6 meses, tras la finalizaci\u00f3n de la fase de asesoramiento.<\/li>\n<\/ul>\n<p><strong>Presentaci\u00f3n de solicitudes<\/strong><\/p>\n<p>Los interesados s\u00f3lo podr\u00e1n presentar su solicitud y documentaci\u00f3n que se acompa\u00f1e a la misma, a partir del 19 de julio hasta el \u00a009 de Septiembre 2021 &#8211; 14:00 h, a trav\u00e9s del formulario habilitado a tal efecto en la Sede electr\u00f3nica:\u00a0<a href=\"https:\/\/sede.camara.es\/sede\/grancanaria\/tramites\/TR0000003679\" data-saferedirecturl=\"https:\/\/www.google.com\/url?q=https:\/\/sede.camara.es\/sede\/grancanaria\/tramites\/TR0000003679&amp;source=gmail&amp;ust=1627632993105000&amp;usg=AFQjCNEQIxS9OmFC-1RYT7jDplWAdYYlpg\">https:\/\/sede.camara.es\/sede\/grancanaria\/tramites\/TR0000003679<\/a><\/p>\n<p>No se permite la presentaci\u00f3n presencial de solicitudes de participaci\u00f3n.<\/p>\n<p><strong>Adjudicaci\u00f3n<\/strong><\/p>\n<p>De los listados de las solicitudes admitidas se realizar\u00e1 un sorteo ante Notario que se publicar\u00e1 en la p\u00e1gina Web de la C\u00e1mara (<a href=\"http:\/\/www.camaragrancanaria.org\/\" data-saferedirecturl=\"https:\/\/www.google.com\/url?q=http:\/\/www.camaragrancanaria.org&amp;source=gmail&amp;ust=1627632993105000&amp;usg=AFQjCNHFFz3vYOjMwr8-RU-vAJv03JShmA\">www.camaragrancanaria.org<\/a>) y en la Sede electr\u00f3nica (<a href=\"https:\/\/sede.camara.es\/sede\/grancanaria\" data-saferedirecturl=\"https:\/\/www.google.com\/url?q=https:\/\/sede.camara.es\/sede\/grancanaria&amp;source=gmail&amp;ust=1627632993105000&amp;usg=AFQjCNG842ZYgGpdCNnHtBwiF_9Uch-_5g\">https:\/\/sede.camara.es\/sede\/grancanaria<\/a>).<\/p>\n<p>El citado sorteo determinar\u00e1 el orden de prelaci\u00f3n entre las solicitudes a los efectos de proceder, siguiendo el citado orden, a:<\/p>\n<ol>\n<li>analizar las solicitudes y la documentaci\u00f3n presentada por los solicitantes y<\/li>\n<li>conceder las ayudas a los solicitantes que cumplan los requisitos establecidos en la presente convocatoria, hasta el agotamiento de los fondos disponibles.<\/li>\n<\/ol>\n<p>&nbsp;<\/p>\n<p><i>Para m\u00e1s informaci\u00f3n puede contactar con la T\u00e9cnica de Innovaci\u00f3n de Femepa 928296161 ext #2032 \u00a0<\/i><a href=\"mailto:obdulia.martin@femepa.es\" target=\"_blank\" rel=\"noopener\"><i>obdulia.martin@femepa.es<\/i><\/a><\/p>\n<p>&nbsp;<\/p>\n","protected":false},"excerpt":{"rendered":"<p>El\u00a0\u201cPrograma Int-eComm 2021\u201d\u00a0es un Programa espec\u00edfico de e-commerce Internacional que tiene como objetivo principal apoyar a la empresa a incrementar sus ventas online en un mercado exterior objetivo trav\u00e9s de una estrategia de e-commerce, contribuyendo a incorporar la estrategia digital en la empresa y reforzando, de este modo, su proceso de internacionalizaci\u00f3n, fomentando sus ventas [&hellip;]<\/p>\n","protected":false},"author":4,"featured_media":32242,"comment_status":"closed","ping_status":"closed","sticky":false,"template":"","format":"standard","meta":{"_acf_changed":false,"rs_blank_template":"","rs_page_bg_color":"#ffffff","slide_template_v7":"","footnotes":""},"categories":[1],"tags":[185,734,251,2039,1996,2040,249],"class_list":["post-32238","post","type-post","status-publish","format-standard","has-post-thumbnail","hentry","category-sin-categoria","tag-ayudas","tag-camara-de-comercio","tag-comercio-electronico","tag-e-commerce","tag-economia","tag-programa-int-e-comm-2021","tag-pymes"],"acf":[],"_links":{"self":[{"href":"https:\/\/femepa.org\/web\/wp-json\/wp\/v2\/posts\/32238","targetHints":{"allow":["GET"]}}],"collection":[{"href":"https:\/\/femepa.org\/web\/wp-json\/wp\/v2\/posts"}],"about":[{"href":"https:\/\/femepa.org\/web\/wp-json\/wp\/v2\/types\/post"}],"author":[{"embeddable":true,"href":"https:\/\/femepa.org\/web\/wp-json\/wp\/v2\/users\/4"}],"replies":[{"embeddable":true,"href":"https:\/\/femepa.org\/web\/wp-json\/wp\/v2\/comments?post=32238"}],"version-history":[{"count":0,"href":"https:\/\/femepa.org\/web\/wp-json\/wp\/v2\/posts\/32238\/revisions"}],"wp:featuredmedia":[{"embeddable":true,"href":"https:\/\/femepa.org\/web\/wp-json\/wp\/v2\/media\/32242"}],"wp:attachment":[{"href":"https:\/\/femepa.org\/web\/wp-json\/wp\/v2\/media?parent=32238"}],"wp:term":[{"taxonomy":"category","embeddable":true,"href":"https:\/\/femepa.org\/web\/wp-json\/wp\/v2\/categories?post=32238"},{"taxonomy":"post_tag","embeddable":true,"href":"https:\/\/femepa.org\/web\/wp-json\/wp\/v2\/tags?post=32238"}],"curies":[{"name":"wp","href":"https:\/\/api.w.org\/{rel}","templated":true}]}}