{"id":32366,"date":"2021-08-04T11:57:04","date_gmt":"2021-08-04T11:57:04","guid":{"rendered":"https:\/\/femepa.org\/web\/?p=32366"},"modified":"2021-08-04T11:57:04","modified_gmt":"2021-08-04T11:57:04","slug":"vuelve-la-feria-de-la-moto-y-la-movilidad-sostenible-lpa-motown2022","status":"publish","type":"post","link":"https:\/\/femepa.org\/web\/vuelve-la-feria-de-la-moto-y-la-movilidad-sostenible-lpa-motown2022\/","title":{"rendered":"Vuelve la Feria de la Moto y la Movilidad Sostenible &#8211; LPA Motown2022"},"content":{"rendered":"<p><strong>La Feria de la Moto y la Movilidad Sostenible \u2013 LPA Motown2022 tendr\u00e1 lugar en mayo, despu\u00e9s de dos a\u00f1os sin celebrarse a causa de la pandemia.<\/strong><\/p>\n<p><strong>La ampliaci\u00f3n de plazas de aparcamientos de motos como la colocaci\u00f3n de puntos de recarga para motos el\u00e9ctricas son algunas de las principales <\/strong><\/p>\n<p><strong>Se retoman las reuniones peri\u00f3dicas de la Mesa de la Moto, entre el Ayuntamiento y AEMOTO para coordinar acciones conjuntas<\/strong><\/p>\n<p><strong>\u00a0<\/strong><\/p>\n<p>Las Palmas de Gran Canaria, 3 de agosto de 2021<strong>&#8211; <\/strong>Hoy se ha celebrado una reuni\u00f3n para tratar la celebraci\u00f3n para el pr\u00f3ximo mes de mayo de la Feria de la Moto y la Movilidad Sostenible &#8211; <em>LPA Motown2022<\/em>.<\/p>\n<p>En el encuentro estuvieron presentes <strong>Jos\u00e9 Eduardo Ram\u00edrez, concejal de Movilidad del Ayuntamiento de Las Palmas de Gran Canaria, Roger V\u00e1zquez y Arecio Vega, miembro de la Junta Directiva y secretario t\u00e9cnico de AEMOTO, respectivamente.<\/strong><\/p>\n<p>Con esta reuni\u00f3n se confirma la participaci\u00f3n de AEMOTO en la <strong>Semana Europea de la Movilidad 2021<\/strong>. Se trata de una actividad que se desarrollar\u00e1 en el parking del Rinc\u00f3n de SAGULPA y contar\u00e1 con exposici\u00f3n de motos y veh\u00edculos el\u00e9ctricos, as\u00ed como un circuito de pr\u00e1cticas con bicicletas y veh\u00edculos de movilidad personal (VMP). La Asociaci\u00f3n propone para este evento, salidas de motos el\u00e9ctricas demo, realizado en peque\u00f1os grupos, en colaboraci\u00f3n con la Jefatura Provincial de Tr\u00e1fico y la Polic\u00eda Local de la capital grancanaria.<\/p>\n<p>Por otro lado, se revisa el informe de solicitud de reserva de <strong>plazas de aparcamiento para motocicletas<\/strong> presentado por AEMOTO, en la que se solicitan 260 nuevas plazas localizadas en los puntos mayor demanda de la capital. Con respecto a esta petici\u00f3n Ram\u00edrez expone su compromiso a definir, al menos, 50 plazas de las solicitadas antes de la finalizaci\u00f3n del a\u00f1o en curso debido a que, seg\u00fan manifiesta, se ha dado prioridad a las obras de acondicionamiento y adaptaci\u00f3n a la circulaci\u00f3n a 30 en muchas zonas de la ciudad.<\/p>\n<p>Otra de las peticiones de AEMOTO a la Concejal\u00eda de Movilidad es la de establecer <strong>aparcamientos exclusivos para motos el\u00e9ctricas<\/strong> con su punto de recarga, aprovechando las plazas de aparcamiento existentes que est\u00e1n cerca de los parqu\u00edmetros.<\/p>\n<p>Otra buena noticia para el sector es el compromiso de agendar de forma cuatrimestral la Mesa de la Moto. La pr\u00f3xima reuni\u00f3n se realizar\u00e1 el pr\u00f3ximo mes de septiembre en las instalaciones de FEMEPA, acordando celebrar reuniones todos los meses de febrero, junio y octubre de cada a\u00f1o, a lo que el concejal considera muy importante generar una l\u00ednea de trabajo constante con AEMOTO.<\/p>\n<p>Aprovechando este encuentro, AEMOTO confirma la reserva de espacio en INFECAR para la realizaci\u00f3n de la <strong>Feria de la Moto y la Movilidad Sostenible (LPA Motown 2022)<\/strong> del 6 al 8 de mayo de 2022. El Ayuntamiento de Las Palmas de Gran Canaria confirma su participaci\u00f3n y apoyo como en las ediciones anteriores, como colaborador y promotor de la Feria.<\/p>\n","protected":false},"excerpt":{"rendered":"<p>La Feria de la Moto y la Movilidad Sostenible \u2013 LPA Motown2022 tendr\u00e1 lugar en mayo, despu\u00e9s de dos a\u00f1os sin celebrarse a causa de la pandemia. La ampliaci\u00f3n de plazas de aparcamientos de motos como la colocaci\u00f3n de puntos de recarga para motos el\u00e9ctricas son algunas de las principales Se retoman las reuniones peri\u00f3dicas [&hellip;]<\/p>\n","protected":false},"author":4,"featured_media":32367,"comment_status":"closed","ping_status":"closed","sticky":false,"template":"","format":"standard","meta":{"_acf_changed":false,"rs_blank_template":"","rs_page_bg_color":"#ffffff","slide_template_v7":"","footnotes":""},"categories":[1],"tags":[407,2044,2045,2046,2047,69,2048],"class_list":["post-32366","post","type-post","status-publish","format-standard","has-post-thumbnail","hentry","category-sin-categoria","tag-aemoto","tag-aparcamiento-motos","tag-feria-de-la-moto-y-la-movilidad","tag-lpa-motown2022","tag-motos-electricas","tag-movilidad","tag-movilidad-las-palmas-de-gran-canaria"],"acf":[],"_links":{"self":[{"href":"https:\/\/femepa.org\/web\/wp-json\/wp\/v2\/posts\/32366","targetHints":{"allow":["GET"]}}],"collection":[{"href":"https:\/\/femepa.org\/web\/wp-json\/wp\/v2\/posts"}],"about":[{"href":"https:\/\/femepa.org\/web\/wp-json\/wp\/v2\/types\/post"}],"author":[{"embeddable":true,"href":"https:\/\/femepa.org\/web\/wp-json\/wp\/v2\/users\/4"}],"replies":[{"embeddable":true,"href":"https:\/\/femepa.org\/web\/wp-json\/wp\/v2\/comments?post=32366"}],"version-history":[{"count":0,"href":"https:\/\/femepa.org\/web\/wp-json\/wp\/v2\/posts\/32366\/revisions"}],"wp:featuredmedia":[{"embeddable":true,"href":"https:\/\/femepa.org\/web\/wp-json\/wp\/v2\/media\/32367"}],"wp:attachment":[{"href":"https:\/\/femepa.org\/web\/wp-json\/wp\/v2\/media?parent=32366"}],"wp:term":[{"taxonomy":"category","embeddable":true,"href":"https:\/\/femepa.org\/web\/wp-json\/wp\/v2\/categories?post=32366"},{"taxonomy":"post_tag","embeddable":true,"href":"https:\/\/femepa.org\/web\/wp-json\/wp\/v2\/tags?post=32366"}],"curies":[{"name":"wp","href":"https:\/\/api.w.org\/{rel}","templated":true}]}}