{"id":32671,"date":"2021-09-15T13:40:13","date_gmt":"2021-09-15T13:40:13","guid":{"rendered":"https:\/\/femepa.org\/web\/?p=32671"},"modified":"2021-09-15T13:40:13","modified_gmt":"2021-09-15T13:40:13","slug":"femepa-apoya-a-telde-el-cabildo-y-empresariado-para-poner-en-valor-y-propiciar-el-desarrollo-del-parque-empresarial-de-salinetas","status":"publish","type":"post","link":"https:\/\/femepa.org\/web\/femepa-apoya-a-telde-el-cabildo-y-empresariado-para-poner-en-valor-y-propiciar-el-desarrollo-del-parque-empresarial-de-salinetas\/","title":{"rendered":"Femepa apoya a Telde, el Cabildo y empresariado para poner en valor y propiciar el desarrollo del Parque Empresarial de Salinetas"},"content":{"rendered":"<p>Seg\u00fan ha informado Teldeactualidad, el ayuntamiento de Telde, el Cabildo de Gran Canaria y el tejido empresarial de Salinetas han creado una alianza que contin\u00faan fortaleciendo para propiciar el desarrollo de este espacio econ\u00f3mico, estrat\u00e9gico no solo para el municipio sino para toda la isla.<\/p>\n<p>La alcaldesa de Telde, Carmen Hern\u00e1ndez, mantuvo este martes un encuentro con la consejera de Industria, Comercio y Artesan\u00eda del Cabildo grancanario, Minerva Alonso, y con representantes de la asociaci\u00f3n empresarial de esta parque industrial y de Femepa &#8211; federaci\u00f3n que est\u00e1 impulsando junto a los empresarios la constituci\u00f3n del ente de conservaci\u00f3n &#8211; para analizar las futuras acciones de forma conjunta se pueden llevar a cabo en este espacio y contribuir a la recuperaci\u00f3n econ\u00f3mica y social del municipio.<\/p>\n<p>En ese sentido, la regidora municipal afirma que, siguiendo con la l\u00ednea de trabajo iniciada en 2015, el Gobierno local &#8220;seguir\u00e1 apoyando el tejido empresarial del municipio de la mamo del cabildo de Gran Canaria y, m\u00e1s concretamente, de la Consejer\u00eda de Industria, Comercio y Artesan\u00eda, cuya responsable, Minerva Alonso, ha mostrado siempre una gran sensibilidad con las \u00e1reas empresariales como motor econ\u00f3mico de la Isla y generador de empelo.<\/p>\n<p>La inminente constituci\u00f3n del ente de conservaci\u00f3n de EcoSalinetas, a\u00f1ade Carmen Hern\u00e1ndez, facilitar\u00e1 la puesta en marcha conjunta de proyectos dirigidos a la mejora de los servicios p\u00fablicos\u00a0 y a la modernizaci\u00f3n de este parque empresarial que aglutina a cerca de 200 negocios.<\/p>\n<p>Al finalizar la reuni\u00f3n, Marisol Roque, una de los miembros de la directiva de la asociaci\u00f3n empresarial, destac\u00f3 la buena sinton\u00eda que existe entre las administraciones y el sector, y manifest\u00f3 su confianza en que &#8220;en los pr\u00f3ximos meses y a\u00f1os se experimente un cambio importante en el parque empresarial de Salinetas, un espacio que pertenece a todo el municipio y que, sin dudas, contribuye a la generaci\u00f3n de la econom\u00eda y a la creaci\u00f3n de puestos de trabajos&#8221;.<\/p>\n<p>Fuente: Teldeactualidad\/ Telde<\/p>\n","protected":false},"excerpt":{"rendered":"<p>Seg\u00fan ha informado Teldeactualidad, el ayuntamiento de Telde, el Cabildo de Gran Canaria y el tejido empresarial de Salinetas han creado una alianza que contin\u00faan fortaleciendo para propiciar el desarrollo de este espacio econ\u00f3mico, estrat\u00e9gico no solo para el municipio sino para toda la isla. La alcaldesa de Telde, Carmen Hern\u00e1ndez, mantuvo este martes un [&hellip;]<\/p>\n","protected":false},"author":4,"featured_media":32672,"comment_status":"closed","ping_status":"closed","sticky":false,"template":"","format":"standard","meta":{"_acf_changed":false,"rs_blank_template":"","rs_page_bg_color":"#ffffff","slide_template_v7":"","footnotes":""},"categories":[1],"tags":[636,480,180,174,2073,2011,2074,1057,1159,2032],"class_list":["post-32671","post","type-post","status-publish","format-standard","has-post-thumbnail","hentry","category-sin-categoria","tag-cabildo-de-gran-canaria","tag-comercio","tag-empleo","tag-empresas","tag-indsutria","tag-mundo-empresarial","tag-parque-empresarial-de-salinetas","tag-salinetas","tag-telde","tag-trabajadores"],"acf":[],"_links":{"self":[{"href":"https:\/\/femepa.org\/web\/wp-json\/wp\/v2\/posts\/32671","targetHints":{"allow":["GET"]}}],"collection":[{"href":"https:\/\/femepa.org\/web\/wp-json\/wp\/v2\/posts"}],"about":[{"href":"https:\/\/femepa.org\/web\/wp-json\/wp\/v2\/types\/post"}],"author":[{"embeddable":true,"href":"https:\/\/femepa.org\/web\/wp-json\/wp\/v2\/users\/4"}],"replies":[{"embeddable":true,"href":"https:\/\/femepa.org\/web\/wp-json\/wp\/v2\/comments?post=32671"}],"version-history":[{"count":0,"href":"https:\/\/femepa.org\/web\/wp-json\/wp\/v2\/posts\/32671\/revisions"}],"wp:featuredmedia":[{"embeddable":true,"href":"https:\/\/femepa.org\/web\/wp-json\/wp\/v2\/media\/32672"}],"wp:attachment":[{"href":"https:\/\/femepa.org\/web\/wp-json\/wp\/v2\/media?parent=32671"}],"wp:term":[{"taxonomy":"category","embeddable":true,"href":"https:\/\/femepa.org\/web\/wp-json\/wp\/v2\/categories?post=32671"},{"taxonomy":"post_tag","embeddable":true,"href":"https:\/\/femepa.org\/web\/wp-json\/wp\/v2\/tags?post=32671"}],"curies":[{"name":"wp","href":"https:\/\/api.w.org\/{rel}","templated":true}]}}