{"id":32943,"date":"2021-10-25T08:50:50","date_gmt":"2021-10-25T08:50:50","guid":{"rendered":"https:\/\/femepa.org\/web\/?p=32943"},"modified":"2021-10-25T08:50:50","modified_gmt":"2021-10-25T08:50:50","slug":"profesores-mauritanos-de-formacion-profesional-definen-programas-de-formacion-para-mauritania-con-docentes-canarios","status":"publish","type":"post","link":"https:\/\/femepa.org\/web\/profesores-mauritanos-de-formacion-profesional-definen-programas-de-formacion-para-mauritania-con-docentes-canarios\/","title":{"rendered":"Profesores mauritanos de formaci\u00f3n profesional visitan las instalaciones formativas de Femepa"},"content":{"rendered":"<p><strong>\u00a0<\/strong><strong>Se trata de un proyecto con el que participan la C\u00e1mara de Comercio de Espa\u00f1a, la C\u00e1mara de Comercio, Industria y Agricultura de Mauritania, las C\u00e1maras de Comercio de Gran Canaria y Santa Cruz de Tenerife, y PROEXCA<\/strong><\/p>\n<p><strong>\u00a0<\/strong><strong>El objetivo es fortalecer la empleabilidad y apoyar la creaci\u00f3n de empleo de los j\u00f3venes en Mauritania aprovechando el conocimiento existente en Canarias. <\/strong><\/p>\n<p>La C\u00e1mara de Comercio de Espa\u00f1a, la C\u00e1mara de Comercio, Industria y Agricultura de Mauritania, y las C\u00e1maras de Comercio de Gran Canaria y Santa Cruz de Tenerife, han organizado, con la colaboraci\u00f3n de PROEXCA, empresa p\u00fablica adscrita a la Consejer\u00eda de Econom\u00eda, Conocimiento y Empleo del Gobierno de Canarias, y en el marco del proyecto financiado por la Uni\u00f3n Europea \u201cArchipelago-Formaemploi\u201d, la visita de una delegaci\u00f3n de profesores y profesoras mauritanos pertenecientes a la Escuela de Ense\u00f1anza T\u00e9cnica y de Formaci\u00f3n Profesional de Mauritania a Gran Canaria.<\/p>\n<p>El objetivo de esta visita ha sido mantener diferentes reuniones de trabajo y de transferencia de conocimiento con profesores canarios y equipos pedag\u00f3gicos especializados en los \u00e1mbitos formativos de electricidad y fontaner\u00eda en edificios, energ\u00edas renovables y fr\u00edo industrial, para fortalecer la Formaci\u00f3n Profesional Dual en Mauritania, objetivos del proyecto Archipelago-Formaemploi.<\/p>\n<p>Estos encuentros se han realizado en el centro de formaci\u00f3n FOCAN, en Las Palmas de Gran Canaria, uno de los participantes en este programa, donde los docentes de ambas delegaciones han podido intercambiar opiniones y experiencias sobre los contenidos y materias a impartir. Al mismo tiempo, han podido realizar una comparaci\u00f3n de los certificados de competencias profesionales de ambos pa\u00edses y los materiales y equipamientos a utilizar durante las formaciones<\/p>\n<p>El objeto de este trabajo conjunto ser\u00e1 la impartici\u00f3n, por parte de los profesores canarios, en colaboraci\u00f3n con sus hom\u00f3logos mauritanos, de cuatro cursos formativos en la Escuela de Ense\u00f1anza T\u00e9cnica y de Formaci\u00f3n Profesional de Mauritania. Estos cuatro cursos est\u00e1n dirigidos a fortalecer la creaci\u00f3n de empleo de los j\u00f3venes en este pa\u00eds africano. Est\u00e1 previsto que la formaci\u00f3n comience en este \u00faltimo trimestre de 2021.<\/p>\n<p>Adem\u00e1s, con este proyecto se refuerza la oferta formativa que ofrece Canarias en el sector de la formaci\u00f3n con respecto a los pa\u00edses africanos, y por otro lado se ofrece a las empresas canarias del sector de la formaci\u00f3n oportunidades para trabajar en estos mercados.<\/p>\n<p>Como complemento de estas reuniones, adem\u00e1s de conocer las instalaciones, aulas y equipamientos del instituto FOCAN, se visitaron otros centros formativos donde se imparten estas materias t\u00e9cnicas, como el de FEMEPA, con el objetivo de conocer los medios con los que se cuenta en Canarias para impartir estas materias que pudieran ser de utilidad en Mauritania.<\/p>\n","protected":false},"excerpt":{"rendered":"<p>\u00a0Se trata de un proyecto con el que participan la C\u00e1mara de Comercio de Espa\u00f1a, la C\u00e1mara de Comercio, Industria y Agricultura de Mauritania, las C\u00e1maras de Comercio de Gran Canaria y Santa Cruz de Tenerife, y PROEXCA \u00a0El objetivo es fortalecer la empleabilidad y apoyar la creaci\u00f3n de empleo de los j\u00f3venes en Mauritania [&hellip;]<\/p>\n","protected":false},"author":4,"featured_media":32944,"comment_status":"closed","ping_status":"closed","sticky":false,"template":"","format":"standard","meta":{"_acf_changed":false,"rs_blank_template":"","rs_page_bg_color":"#ffffff","slide_template_v7":"","footnotes":""},"categories":[1],"tags":[2121,2122,1850,815,626,567],"class_list":["post-32943","post","type-post","status-publish","format-standard","has-post-thumbnail","hentry","category-sin-categoria","tag-archipelago-formaemploi","tag-camara-de-comercio-de-espana","tag-camara-de-comercio-de-tenerife","tag-camara-de-comercio-gran-canaria","tag-formacion-profesional","tag-proexca"],"acf":[],"_links":{"self":[{"href":"https:\/\/femepa.org\/web\/wp-json\/wp\/v2\/posts\/32943","targetHints":{"allow":["GET"]}}],"collection":[{"href":"https:\/\/femepa.org\/web\/wp-json\/wp\/v2\/posts"}],"about":[{"href":"https:\/\/femepa.org\/web\/wp-json\/wp\/v2\/types\/post"}],"author":[{"embeddable":true,"href":"https:\/\/femepa.org\/web\/wp-json\/wp\/v2\/users\/4"}],"replies":[{"embeddable":true,"href":"https:\/\/femepa.org\/web\/wp-json\/wp\/v2\/comments?post=32943"}],"version-history":[{"count":0,"href":"https:\/\/femepa.org\/web\/wp-json\/wp\/v2\/posts\/32943\/revisions"}],"wp:featuredmedia":[{"embeddable":true,"href":"https:\/\/femepa.org\/web\/wp-json\/wp\/v2\/media\/32944"}],"wp:attachment":[{"href":"https:\/\/femepa.org\/web\/wp-json\/wp\/v2\/media?parent=32943"}],"wp:term":[{"taxonomy":"category","embeddable":true,"href":"https:\/\/femepa.org\/web\/wp-json\/wp\/v2\/categories?post=32943"},{"taxonomy":"post_tag","embeddable":true,"href":"https:\/\/femepa.org\/web\/wp-json\/wp\/v2\/tags?post=32943"}],"curies":[{"name":"wp","href":"https:\/\/api.w.org\/{rel}","templated":true}]}}