{"id":33275,"date":"2021-11-15T12:46:13","date_gmt":"2021-11-15T12:46:13","guid":{"rendered":"https:\/\/femepa.org\/web\/?p=33275"},"modified":"2021-11-15T12:46:13","modified_gmt":"2021-11-15T12:46:13","slug":"aserpa-celebra-su-asamblea-general-ordinaria-y-extraordinaria-de-caracter-electoral","status":"publish","type":"post","link":"https:\/\/femepa.org\/web\/aserpa-celebra-su-asamblea-general-ordinaria-y-extraordinaria-de-caracter-electoral\/","title":{"rendered":"ASERPA celebra su Asamblea General ordinaria y extraordinaria de car\u00e1cter electoral"},"content":{"rendered":"<p>El pasado viernes 12 de noviembre, la Asociaci\u00f3n de Empresas de Energ\u00edas Renovables (ASERPA) celebraba su Asamblea General ordinaria y extraordinaria de car\u00e1cter electoral en la su presidente Carlos Rodr\u00edguez Castellano, fue reelegido por dos a\u00f1os m\u00e1s. La nueva Junta Directiva queda tal y como se detalla a continuaci\u00f3n:<\/p>\n<ul>\n<li>Presidente: D. Carlos Rodriguez Castellano representante de la empresa Alfa 90 Suministros y Servicios, S.L.<\/li>\n<li>Vicepresidente: D. Abel Suarez Ram\u00edrez representante de la empresa Proarf 2009 Ingenier\u00eda S.L<\/li>\n<li>Tesorero: D. Antonio Delgado Camprub\u00ed (aut\u00f3nomo)<\/li>\n<li>Vocal: D\u00f1a. Patricia Jimenez Marcelo representante de la empresa Hidroser, S.L.<\/li>\n<li>Vocal: D. Jose Manuel Estupi\u00f1\u00e1n Santana representante de la empresa Energ\u00edas Solar y E\u00f3lica de Canarias, S.L<\/li>\n<li>Vocal: D. Juan Luis C\u00e1rdenes Gantes representante de la empresa YUBA, S.L<\/li>\n<li>Vocal: D. Javier Quintana Romero representante de la empresa Suntelco Energ\u00edas Renovables, S.L<\/li>\n<li>Vocal : D. Emilio Medina Garc\u00eda \u00a0representante de la empresa ELECTRIMEGA, SLU<\/li>\n<li>Vocal: Enrique Garc\u00eda Agrelo representante de la empresa SOTEMA Tecnolog\u00edas y Medioambiente, S.L..<\/li>\n<li>Vocal: D. Javier Fernandez Dom\u00ednguez representante de la empresa DISA Servicios Energ\u00e9ticos, S.L.<\/li>\n<li>Vocal: D. \u00c1ngel Trevi\u00f1o Martin representante de la empresa ECOLUZ consultores.<\/li>\n<li>Secretario T\u00e9cnico: D. Kurt Engel Gonz\u00e1lez<\/li>\n<\/ul>\n<p>Ver galer\u00eda fotogr\u00e1fica <a href=\"https:\/\/flic.kr\/s\/aHsmXchWMT\">AQU\u00cd<\/a><\/p>\n","protected":false},"excerpt":{"rendered":"<p>El pasado viernes 12 de noviembre, la Asociaci\u00f3n de Empresas de Energ\u00edas Renovables (ASERPA) celebraba su Asamblea General ordinaria y extraordinaria de car\u00e1cter electoral en la su presidente Carlos Rodr\u00edguez Castellano, fue reelegido por dos a\u00f1os m\u00e1s. La nueva Junta Directiva queda tal y como se detalla a continuaci\u00f3n: Presidente: D. Carlos Rodriguez Castellano representante [&hellip;]<\/p>\n","protected":false},"author":4,"featured_media":33277,"comment_status":"closed","ping_status":"closed","sticky":false,"template":"","format":"standard","meta":{"_acf_changed":false,"rs_blank_template":"","rs_page_bg_color":"#ffffff","slide_template_v7":"","footnotes":""},"categories":[1],"tags":[93,2152,572,487],"class_list":["post-33275","post","type-post","status-publish","format-standard","has-post-thumbnail","hentry","category-sin-categoria","tag-aserpa","tag-asociacion-de-empresarios-de-energias-renovables-de-las-palmas","tag-eerr","tag-energias-renovables"],"acf":[],"_links":{"self":[{"href":"https:\/\/femepa.org\/web\/wp-json\/wp\/v2\/posts\/33275","targetHints":{"allow":["GET"]}}],"collection":[{"href":"https:\/\/femepa.org\/web\/wp-json\/wp\/v2\/posts"}],"about":[{"href":"https:\/\/femepa.org\/web\/wp-json\/wp\/v2\/types\/post"}],"author":[{"embeddable":true,"href":"https:\/\/femepa.org\/web\/wp-json\/wp\/v2\/users\/4"}],"replies":[{"embeddable":true,"href":"https:\/\/femepa.org\/web\/wp-json\/wp\/v2\/comments?post=33275"}],"version-history":[{"count":0,"href":"https:\/\/femepa.org\/web\/wp-json\/wp\/v2\/posts\/33275\/revisions"}],"wp:featuredmedia":[{"embeddable":true,"href":"https:\/\/femepa.org\/web\/wp-json\/wp\/v2\/media\/33277"}],"wp:attachment":[{"href":"https:\/\/femepa.org\/web\/wp-json\/wp\/v2\/media?parent=33275"}],"wp:term":[{"taxonomy":"category","embeddable":true,"href":"https:\/\/femepa.org\/web\/wp-json\/wp\/v2\/categories?post=33275"},{"taxonomy":"post_tag","embeddable":true,"href":"https:\/\/femepa.org\/web\/wp-json\/wp\/v2\/tags?post=33275"}],"curies":[{"name":"wp","href":"https:\/\/api.w.org\/{rel}","templated":true}]}}