{"id":33338,"date":"2021-11-23T10:00:02","date_gmt":"2021-11-23T10:00:02","guid":{"rendered":"https:\/\/femepa.org\/web\/?p=33338"},"modified":"2025-08-15T16:18:43","modified_gmt":"2025-08-15T15:18:43","slug":"clausura-pfae-gj-carena-y-pfae-gj-radar-en-el-muelle-deportivo-de-las-palmas-de-gran-canaria","status":"publish","type":"post","link":"https:\/\/femepa.org\/web\/clausura-pfae-gj-carena-y-pfae-gj-radar-en-el-muelle-deportivo-de-las-palmas-de-gran-canaria\/","title":{"rendered":"Clausura PFAE-GJ CARENA y PFAE -GJ RADAR, en el Muelle Deportivo de Las Palmas de Gran Canaria."},"content":{"rendered":"<p style=\"text-align: justify\">El pasado lunes tuvo lugar la clausura de los <strong>2 PFAE de Garant\u00eda Juvenil <\/strong>que imparte <strong>Fundaci\u00f3n Femepa<\/strong> en el Muelle Deportivo de la ciudad.<\/p>\n<p style=\"text-align: justify\">Durante los <strong>\u00faltimos 9 meses<\/strong>, los j\u00f3venes menores de 30 a\u00f1os han tenido la oportunidad de obtener el certificado de profesionalidad relacionado con las reparaciones n\u00e1uticas y aplicar sus conocimientos en las embarcaciones de las entidades colaboradoras Federaci\u00f3n de Vela Latina Canaria, Cruz Roja y Federaci\u00f3n Canaria de Vela.<\/p>\n<p style=\"text-align: justify\">La mitad de ellos han certificado para la realizaci\u00f3n de trabajo de <strong>Pintura, reparaci\u00f3n y construcci\u00f3n de elementos de pl\u00e1stico reforzado con fibra de embarcaciones deportivas y de recreo (PFAE GJ CARENA) <\/strong>y la otra mitad para<strong> Mantenimiento e instalaci\u00f3n de sistemas el\u00e9ctricos y electr\u00f3nicos de embarcaciones deportivas y de recreo (PFAE GJ RADAR).<\/strong><\/p>\n<p style=\"text-align: justify\">Su itinerario formativo estuvo compuesto tambi\u00e9n por formaci\u00f3n relacionada con <strong>prevenci\u00f3n de riesgos laborales<\/strong>, as\u00ed como <strong>habilidades para las relaciones sociales y la b\u00fasqueda de empleo.<\/strong><\/p>\n<p style=\"text-align: justify\">En el acto estuvo presente la <strong>directora de formaci\u00f3n y empleo<\/strong> de Femepa, <strong>Yaiza Enr\u00edquez, <\/strong>as\u00ed como el <strong>profesorado y el personal <\/strong>que han ejecutado los 2 PFAEs y entidades colaboradoras como la <strong>Federaci\u00f3n de Vela Latina Canaria.<\/strong><\/p>\n<p style=\"text-align: justify\">Esta formaci\u00f3n, <strong>subvencionada<\/strong> por el Gobierno de Canarias a trav\u00e9s del<strong> Servicio Canario de Empleo, el Servicio P\u00fablico de Empleo Estatal y el Fondo Social Europeo<\/strong>, da respuesta a la necesidad de <strong>trabajadores cualificados<\/strong> para la <strong>reparaci\u00f3n de embarcaciones<\/strong> que existe en el sector n\u00e1utico deportivo en la Comunidad Aut\u00f3noma de Canarias.<\/p>\n<p>Galer\u00eda de fotos: <\/p>\n<p>&nbsp;<\/p>\n","protected":false},"excerpt":{"rendered":"<p>El pasado lunes tuvo lugar la clausura de los 2 PFAE de Garant\u00eda Juvenil que imparte Fundaci\u00f3n Femepa en el Muelle Deportivo de la ciudad. Durante los \u00faltimos 9 meses, los j\u00f3venes menores de 30 a\u00f1os han tenido la oportunidad de obtener el certificado de profesionalidad relacionado con las reparaciones n\u00e1uticas y aplicar sus conocimientos [&hellip;]<\/p>\n","protected":false},"author":4,"featured_media":33340,"comment_status":"closed","ping_status":"closed","sticky":false,"template":"","format":"standard","meta":{"_acf_changed":false,"rs_blank_template":"","rs_page_bg_color":"","slide_template_v7":"","footnotes":""},"categories":[3219,1],"tags":[143,225,279,2164],"class_list":["post-33338","post","type-post","status-publish","format-standard","has-post-thumbnail","hentry","category-pfae-gj","category-sin-categoria","tag-formacion","tag-gran-canaria","tag-pfae","tag-reparaciones-nauticas"],"acf":[],"_links":{"self":[{"href":"https:\/\/femepa.org\/web\/wp-json\/wp\/v2\/posts\/33338","targetHints":{"allow":["GET"]}}],"collection":[{"href":"https:\/\/femepa.org\/web\/wp-json\/wp\/v2\/posts"}],"about":[{"href":"https:\/\/femepa.org\/web\/wp-json\/wp\/v2\/types\/post"}],"author":[{"embeddable":true,"href":"https:\/\/femepa.org\/web\/wp-json\/wp\/v2\/users\/4"}],"replies":[{"embeddable":true,"href":"https:\/\/femepa.org\/web\/wp-json\/wp\/v2\/comments?post=33338"}],"version-history":[{"count":1,"href":"https:\/\/femepa.org\/web\/wp-json\/wp\/v2\/posts\/33338\/revisions"}],"predecessor-version":[{"id":50022,"href":"https:\/\/femepa.org\/web\/wp-json\/wp\/v2\/posts\/33338\/revisions\/50022"}],"wp:featuredmedia":[{"embeddable":true,"href":"https:\/\/femepa.org\/web\/wp-json\/wp\/v2\/media\/33340"}],"wp:attachment":[{"href":"https:\/\/femepa.org\/web\/wp-json\/wp\/v2\/media?parent=33338"}],"wp:term":[{"taxonomy":"category","embeddable":true,"href":"https:\/\/femepa.org\/web\/wp-json\/wp\/v2\/categories?post=33338"},{"taxonomy":"post_tag","embeddable":true,"href":"https:\/\/femepa.org\/web\/wp-json\/wp\/v2\/tags?post=33338"}],"curies":[{"name":"wp","href":"https:\/\/api.w.org\/{rel}","templated":true}]}}