{"id":34065,"date":"2022-02-01T09:48:07","date_gmt":"2022-02-01T09:48:07","guid":{"rendered":"https:\/\/femepa.org\/web\/?p=34065"},"modified":"2022-02-01T09:48:07","modified_gmt":"2022-02-01T09:48:07","slug":"llega-la-sexta-lpa-motown-la-feria-de-la-moto-y-la-movilidad-urbana-sostenible","status":"publish","type":"post","link":"https:\/\/femepa.org\/web\/llega-la-sexta-lpa-motown-la-feria-de-la-moto-y-la-movilidad-urbana-sostenible\/","title":{"rendered":"Llega la sexta LPA Motown, la feria de la moto y la movilidad urbana sostenible"},"content":{"rendered":"<p>Llega la sexta edici\u00f3n de la feria referente del mundo de la moto y la movilidad en la provincia de Las Palmas, se celebrar\u00e1 del <strong>06 al 08 de mayo<\/strong> en <strong>INFECAR<\/strong>.<\/p>\n<p>Organizada por <strong>AEMOTO<\/strong> y <strong>FEMEPA<\/strong>; promovida por el Excmo. <strong>Ayuntamiento de Las Palmas de Gran Canaria<\/strong> y patrocinada por <strong>SAGULPA<\/strong>, la LPA Motown es una feria que se renueva y crece en cada edici\u00f3n para ser el lugar perfecto donde conocer de primera mano todas las novedades del sector.<\/p>\n<p>En esta edici\u00f3n, estrenamos espacio de celebraci\u00f3n para contar con m\u00e1s metros de exposici\u00f3n e incluimos como gran novedad el \u201cI Sal\u00f3n de la Moto\u201d una oportunidad inmejorable de encontrar en un solo espacio las empresas que lideran el sector de las dos ruedas, tres d\u00edas en los que los moteros podr\u00e1n probar e incluso comprar la moto perfecta para ellos y los accesorios que necesiten tanto para ellos como para sus veh\u00edculos.<\/p>\n<p>Ya han confirmado su participaci\u00f3n empresas como Pole Position, Valsebike, Autos Losan, Domingo Alonso, Gubra, Motomaxs, Danara o AM Motos, que hacen posible que contemos con la presencia de todas las marcas de referencia en el sector: Harley Davidson, KTM, Ducati, Honda, Zontes, Suzuki, Peugeot, Yamaha, Royal Enfield, Indian o SuperSoco y con servicios como lovesharing.<\/p>\n<p>En cuanto al sector de la movilidad, los usuarios de VMP podr\u00e1n tambi\u00e9n probar y comprar los modelos que m\u00e1s \u00e9xito tienen en el mercado, as\u00ed como accesorios para sus veh\u00edculos y para ellos.<\/p>\n<p>Durante los tres d\u00edas se desarrollar\u00e1n actividades, como \u201cTu primera experiencia en moto\u201d, charlas de formaci\u00f3n y seguridad vial, acciones promocionales de las marcas en sus stands y presentaci\u00f3n de novedades en el escenario principal, actividades para ni\u00f1os y adolescentes, concursos y sorteos.<\/p>\n<p>El s\u00e1bado 07 de mayo ser\u00e1 el d\u00eda de reconocimiento de la mujer motera que culminar\u00e1 con una actuaci\u00f3n en la zona de ocio, en donde se encuentra el escenario y la zona food truck.<\/p>\n<p>Seg\u00fan palabras del presidente de AEMOTO, Manuel Marrero: \u201cComo cada a\u00f1o, queremos ser un impulso para las pol\u00edticas de movilidad urbana sostenible desarrolladas por el Excmo. Ayuntamiento de Las Palmas de Gran Canaria, concienciando a los asistentes, m\u00e1s si cabe, de los beneficios del uso de los veh\u00edculos de transporte individual; motos, bicicletas y patinetes el\u00e9ctricos que son sin duda el transporte m\u00e1s c\u00f3modo, din\u00e1mico y menos contaminante para la ciudad. Reforzando en esta edici\u00f3n el sector de la moto con la celebraci\u00f3n del \u201cI Sal\u00f3n de la Moto\u201d dentro de la feria\u201d.<\/p>\n<p>Descarga el cartel anunciador &gt;&gt; <a href=\"http:\/\/kubo.femepa.org\/wp-content\/uploads\/2022\/02\/lpa-2022_page-0001-scaled-1.jpg\">PINCHANDO AQU\u00cd<\/a><\/p>\n","protected":false},"excerpt":{"rendered":"<p>Llega la sexta edici\u00f3n de la feria referente del mundo de la moto y la movilidad en la provincia de Las Palmas, se celebrar\u00e1 del 06 al 08 de mayo en INFECAR. Organizada por AEMOTO y FEMEPA; promovida por el Excmo. Ayuntamiento de Las Palmas de Gran Canaria y patrocinada por SAGULPA, la LPA Motown [&hellip;]<\/p>\n","protected":false},"author":4,"featured_media":34072,"comment_status":"closed","ping_status":"closed","sticky":false,"template":"","format":"standard","meta":{"_acf_changed":false,"rs_blank_template":"","rs_page_bg_color":"#ffffff","slide_template_v7":"","footnotes":""},"categories":[1],"tags":[2214,407,854,67,898],"class_list":["post-34065","post","type-post","status-publish","format-standard","has-post-thumbnail","hentry","category-sin-categoria","tag-6a-lpa-motown","tag-aemoto","tag-feria-de-la-moto","tag-lpa-motown","tag-movilidad-sostenible"],"acf":[],"_links":{"self":[{"href":"https:\/\/femepa.org\/web\/wp-json\/wp\/v2\/posts\/34065","targetHints":{"allow":["GET"]}}],"collection":[{"href":"https:\/\/femepa.org\/web\/wp-json\/wp\/v2\/posts"}],"about":[{"href":"https:\/\/femepa.org\/web\/wp-json\/wp\/v2\/types\/post"}],"author":[{"embeddable":true,"href":"https:\/\/femepa.org\/web\/wp-json\/wp\/v2\/users\/4"}],"replies":[{"embeddable":true,"href":"https:\/\/femepa.org\/web\/wp-json\/wp\/v2\/comments?post=34065"}],"version-history":[{"count":0,"href":"https:\/\/femepa.org\/web\/wp-json\/wp\/v2\/posts\/34065\/revisions"}],"wp:featuredmedia":[{"embeddable":true,"href":"https:\/\/femepa.org\/web\/wp-json\/wp\/v2\/media\/34072"}],"wp:attachment":[{"href":"https:\/\/femepa.org\/web\/wp-json\/wp\/v2\/media?parent=34065"}],"wp:term":[{"taxonomy":"category","embeddable":true,"href":"https:\/\/femepa.org\/web\/wp-json\/wp\/v2\/categories?post=34065"},{"taxonomy":"post_tag","embeddable":true,"href":"https:\/\/femepa.org\/web\/wp-json\/wp\/v2\/tags?post=34065"}],"curies":[{"name":"wp","href":"https:\/\/api.w.org\/{rel}","templated":true}]}}