{"id":34071,"date":"2022-02-01T13:36:21","date_gmt":"2022-02-01T13:36:21","guid":{"rendered":"https:\/\/femepa.org\/web\/?p=34071"},"modified":"2022-02-01T13:36:21","modified_gmt":"2022-02-01T13:36:21","slug":"femepa-presenta-el-premio-de-la-camara-de-comercio-franco-espanola","status":"publish","type":"post","link":"https:\/\/femepa.org\/web\/femepa-presenta-el-premio-de-la-camara-de-comercio-franco-espanola\/","title":{"rendered":"FEMEPA presenta el premio de la C\u00e1mara de Comercio Franco-Espa\u00f1ola a la consejera de Econom\u00eda Elena M\u00e1\u00f1ez"},"content":{"rendered":"<p>FEMEPA ha presentado hoy martes el premio internacional de la<strong> C\u00e1mara de Comercio Franco-Espa\u00f1ola<\/strong> como reconocimiento a la colaboraci\u00f3n empresarial<strong>. <\/strong>El motivo del galard\u00f3n es la contribuci\u00f3n realizada por<strong> Femepa <\/strong><strong>junto a la Consejer\u00eda de Econom\u00eda, Conocimiento y Empleo del<\/strong> <strong>Gobierno de Canarias<\/strong> en la dinamizaci\u00f3n de la internacionalizaci\u00f3n\u00a0del <strong>sector n\u00e1utico<\/strong><strong>, <\/strong>a trav\u00e9s de PROEXCA. Elena M\u00e1\u00f1ez, consejera de Econom\u00eda, Conocimiento y Empleo, recibi\u00f3 a los representantes de Femepa junto con la directora gerente de PROEXCA, D\u00e1cil Dom\u00ednguez.<\/p>\n<p>Este premio ha sido concedido por el reconocimiento al esfuerzo y dedicaci\u00f3n de las instituciones p\u00fablicas locales y auton\u00f3micas de ambos pa\u00edses, del personal de nuestra federaci\u00f3n, pero sobre todo, del empresariado que ha visto en este proyecto, la posibilidad de crecer a trav\u00e9s del conocimiento y la experiencia, generando nuevas oportunidades de negocio para todas las partes.<\/p>\n<p>La ubicaci\u00f3n geogr\u00e1fica estrat\u00e9gica, sin duda alguna, de la isla de Gran Canaria en el <strong>Atl\u00e1ntico medio<\/strong>, diferencia el modelo de negocio de las diferentes empresas n\u00e1uticas en su conjunto, y en materia de prestaci\u00f3n de servicios n\u00e1uticos y\/o HUB de exportaci\u00f3n de servicios n\u00e1uticos. Hablamos de un lugar que seguro que cumple todas las directivas en materia de seguridad internacional, a lo que se le une las favorables condiciones clim\u00e1ticas que les caracterizan durante todo el a\u00f1o. El \u00e9xito viene adem\u00e1s por haber buscado la oportunidad de un nuevo nicho de mercado empresarial y en este sector. El optimismo, por parte de los empresarios, la perseverancia y un trabajo duro de equipo, ha obtenido buenos frutos, que en el marco empresarial se traduce en la construcci\u00f3n de un varadero de megayates, un producto (reparaci\u00f3n) hasta ahora no explotado precisamente por la ausencia de infraestructuras de este tipo.<\/p>\n<p>Por parte de <strong>FEMEPA<\/strong> asistieron Vicente Marrero y Juan Carlos Betancor, presidente y secretario general respectivamente, as\u00ed como Irina Le\u00f3n, responsable del Departamento de Innovaci\u00f3n, Internacionalizaci\u00f3n y RSC y Mari Pino Rodr\u00edguez, secretaria t\u00e9cnica de AENAUTICA.<\/p>\n<p><strong>Ver galer\u00eda fotogr\u00e1fica<\/strong> &gt;&gt; <a href=\"https:\/\/flic.kr\/s\/aHBqjzANAE\">Pinchar AQU\u00cd<\/a><\/p>\n<p><strong>Ver declaraciones de la consejera Elena M\u00e1\u00f1ez<\/strong> &gt;&gt;<a href=\"https:\/\/youtu.be\/GREGU6OPDTI\"> Pinchar AQU\u00cd<\/a><\/p>\n<p><strong>Ver video resumen del acto<\/strong> &gt;&gt; <a href=\"https:\/\/youtu.be\/IR76HNTm7UY\">Pinchar AQU\u00cd<\/a><\/p>\n<p>&nbsp;<\/p>\n","protected":false},"excerpt":{"rendered":"<p>FEMEPA ha presentado hoy martes el premio internacional de la C\u00e1mara de Comercio Franco-Espa\u00f1ola como reconocimiento a la colaboraci\u00f3n empresarial. El motivo del galard\u00f3n es la contribuci\u00f3n realizada por Femepa junto a la Consejer\u00eda de Econom\u00eda, Conocimiento y Empleo del Gobierno de Canarias en la dinamizaci\u00f3n de la internacionalizaci\u00f3n\u00a0del sector n\u00e1utico, a trav\u00e9s de PROEXCA. [&hellip;]<\/p>\n","protected":false},"author":4,"featured_media":34129,"comment_status":"closed","ping_status":"closed","sticky":false,"template":"","format":"standard","meta":{"_acf_changed":false,"rs_blank_template":"","rs_page_bg_color":"#ffffff","slide_template_v7":"","footnotes":""},"categories":[1],"tags":[2219,1405,1534,140,230],"class_list":["post-34071","post","type-post","status-publish","format-standard","has-post-thumbnail","hentry","category-sin-categoria","tag-camara-de-comercio-franco-espanola","tag-consejeria-de-economia","tag-elena-manez","tag-gobierno-de-canarias","tag-premio"],"acf":[],"_links":{"self":[{"href":"https:\/\/femepa.org\/web\/wp-json\/wp\/v2\/posts\/34071","targetHints":{"allow":["GET"]}}],"collection":[{"href":"https:\/\/femepa.org\/web\/wp-json\/wp\/v2\/posts"}],"about":[{"href":"https:\/\/femepa.org\/web\/wp-json\/wp\/v2\/types\/post"}],"author":[{"embeddable":true,"href":"https:\/\/femepa.org\/web\/wp-json\/wp\/v2\/users\/4"}],"replies":[{"embeddable":true,"href":"https:\/\/femepa.org\/web\/wp-json\/wp\/v2\/comments?post=34071"}],"version-history":[{"count":0,"href":"https:\/\/femepa.org\/web\/wp-json\/wp\/v2\/posts\/34071\/revisions"}],"wp:featuredmedia":[{"embeddable":true,"href":"https:\/\/femepa.org\/web\/wp-json\/wp\/v2\/media\/34129"}],"wp:attachment":[{"href":"https:\/\/femepa.org\/web\/wp-json\/wp\/v2\/media?parent=34071"}],"wp:term":[{"taxonomy":"category","embeddable":true,"href":"https:\/\/femepa.org\/web\/wp-json\/wp\/v2\/categories?post=34071"},{"taxonomy":"post_tag","embeddable":true,"href":"https:\/\/femepa.org\/web\/wp-json\/wp\/v2\/tags?post=34071"}],"curies":[{"name":"wp","href":"https:\/\/api.w.org\/{rel}","templated":true}]}}