{"id":34489,"date":"2022-02-17T14:48:24","date_gmt":"2022-02-17T14:48:24","guid":{"rendered":"https:\/\/femepa.org\/web\/?p=34489"},"modified":"2022-02-17T14:48:24","modified_gmt":"2022-02-17T14:48:24","slug":"fundacion-femepa-presenta-el-proyecto-resiliencia-y-emprendimiento-en-africa-occidental","status":"publish","type":"post","link":"https:\/\/femepa.org\/web\/fundacion-femepa-presenta-el-proyecto-resiliencia-y-emprendimiento-en-africa-occidental\/","title":{"rendered":"FUNDACI\u00d3N FEMEPA presenta el proyecto &#8220;Resiliencia y Emprendimiento en \u00c1frica occidental&#8221;"},"content":{"rendered":"<p><strong>El proyecto cuenta con la colaboraci\u00f3n de la Consejer\u00eda de Cooperaci\u00f3n Institucional y Solidaridad Internacional del Cabildo de Gran Canaria<\/strong><\/p>\n<p><strong>Busca dar una nueva oportunidad a los migrantes a trav\u00e9s de la ense\u00f1anza del espa\u00f1ol, orientaci\u00f3n profesional y de la formaci\u00f3n <\/strong><\/p>\n<p>El pr\u00f3ximo <strong>viernes 18 de febrero, a las 12:00 <\/strong>se realizar\u00e1 el acto de presentaci\u00f3n con los 20 j\u00f3venes migrantes en sal\u00f3n de actos de Femepa en la calle Le\u00f3n y Castillo 89 4\u00aa planta, 35004 Las Palmas de Gran Canaria.<\/p>\n<p>Se contar\u00e1 con la presencia del consejero de Cooperaci\u00f3n Institucional y Solidaridad Internacional del Cabildo de Gran Canaria, Carmelo Ram\u00edrez; el presidente de la Federaci\u00f3n de Asociaciones Africanas en Canarias (FAAC), Mame Cheikh Mbaye y el presidente de Femepa, Vicente Marrero. A continuaci\u00f3n, presentar\u00e1 el proyecto Sandra Pruckmayr para luego realizar dos p\u00edldoras formativas sobre emprendimiento y orientaci\u00f3n laboral por los expertos Jos\u00e9 Carlos Su\u00e1rez y Graciela Su\u00e1rez respectivamente.<\/p>\n<p>El objetivo marcado con este proyecto es seleccionar a 20 personas migrantes africanas en Gran Canaria interesadas en retornar a \u00c1frica Occidental. A continuaci\u00f3n, realizar un diagn\u00f3stico inicial de los migrantes seleccionados para detectar sus carencias y necesidades de desarrollo de habilidades en diferentes oficios y ramas de actividad para emprender en mejores condiciones. Esto se conseguir\u00e1 a trav\u00e9s de la formaci\u00f3n de espa\u00f1ol para extranjeros a los migrantes seleccionados con objeto de que puedan participar activamente en programas de formaci\u00f3n profesional.<\/p>\n<p>As\u00ed se podr\u00e1 insertar a los migrantes seleccionados en programas de formaci\u00f3n profesional de diferentes familias profesionales en Gran Canaria en funci\u00f3n de su perfil profesional (fontaner\u00eda, electricidad, construcci\u00f3n, agricultura, pesca\u2026), con el objetivo final de mejorar la empleabilidad de los candidatos y <strong>apoyar su proyecci\u00f3n profesional<\/strong> en cualquier mercado laboral, as\u00ed las <strong>empresas canarias<\/strong> podr\u00e1n contar con trabajadores que <strong>les ayuden en su expansi\u00f3n e internacionalizaci\u00f3n en \u00c1frica Occidental<\/strong>.<\/p>\n","protected":false},"excerpt":{"rendered":"<p>El proyecto cuenta con la colaboraci\u00f3n de la Consejer\u00eda de Cooperaci\u00f3n Institucional y Solidaridad Internacional del Cabildo de Gran Canaria Busca dar una nueva oportunidad a los migrantes a trav\u00e9s de la ense\u00f1anza del espa\u00f1ol, orientaci\u00f3n profesional y de la formaci\u00f3n El pr\u00f3ximo viernes 18 de febrero, a las 12:00 se realizar\u00e1 el acto de [&hellip;]<\/p>\n","protected":false},"author":4,"featured_media":34490,"comment_status":"closed","ping_status":"closed","sticky":false,"template":"","format":"standard","meta":{"_acf_changed":false,"rs_blank_template":"","rs_page_bg_color":"#ffffff","slide_template_v7":"","footnotes":""},"categories":[1],"tags":[1097,2237,636,180,558,143,667,2238],"class_list":["post-34489","post","type-post","status-publish","format-standard","has-post-thumbnail","hentry","category-sin-categoria","tag-africa","tag-africa-occidental","tag-cabildo-de-gran-canaria","tag-empleo","tag-emprendimiento","tag-formacion","tag-orientacion-profesional","tag-proyecto-de-cooperacion-con-africa"],"acf":[],"_links":{"self":[{"href":"https:\/\/femepa.org\/web\/wp-json\/wp\/v2\/posts\/34489","targetHints":{"allow":["GET"]}}],"collection":[{"href":"https:\/\/femepa.org\/web\/wp-json\/wp\/v2\/posts"}],"about":[{"href":"https:\/\/femepa.org\/web\/wp-json\/wp\/v2\/types\/post"}],"author":[{"embeddable":true,"href":"https:\/\/femepa.org\/web\/wp-json\/wp\/v2\/users\/4"}],"replies":[{"embeddable":true,"href":"https:\/\/femepa.org\/web\/wp-json\/wp\/v2\/comments?post=34489"}],"version-history":[{"count":0,"href":"https:\/\/femepa.org\/web\/wp-json\/wp\/v2\/posts\/34489\/revisions"}],"wp:featuredmedia":[{"embeddable":true,"href":"https:\/\/femepa.org\/web\/wp-json\/wp\/v2\/media\/34490"}],"wp:attachment":[{"href":"https:\/\/femepa.org\/web\/wp-json\/wp\/v2\/media?parent=34489"}],"wp:term":[{"taxonomy":"category","embeddable":true,"href":"https:\/\/femepa.org\/web\/wp-json\/wp\/v2\/categories?post=34489"},{"taxonomy":"post_tag","embeddable":true,"href":"https:\/\/femepa.org\/web\/wp-json\/wp\/v2\/tags?post=34489"}],"curies":[{"name":"wp","href":"https:\/\/api.w.org\/{rel}","templated":true}]}}