{"id":35547,"date":"2022-04-21T20:34:26","date_gmt":"2022-04-21T20:34:26","guid":{"rendered":"https:\/\/femepa.org\/web\/?p=35547"},"modified":"2022-04-21T20:34:26","modified_gmt":"2022-04-21T20:34:26","slug":"aemoto-participa-en-la-mesa-de-la-moto-convocada-por-la-concejalia-de-movilidad-de-las-palmas-de-gran-canaria-para-coordinar-iniciativas-con-el-sector","status":"publish","type":"post","link":"https:\/\/femepa.org\/web\/aemoto-participa-en-la-mesa-de-la-moto-convocada-por-la-concejalia-de-movilidad-de-las-palmas-de-gran-canaria-para-coordinar-iniciativas-con-el-sector\/","title":{"rendered":"AEMOTO participa en la Mesa de la Moto convocada por la Concejal\u00eda de Movilidad de Las Palmas de Gran Canaria para coordinar iniciativas con el sector"},"content":{"rendered":"<div>\n<p class=\"x_MsoNormal\">La Concejal\u00eda de Movilidad del Ayuntamiento de Las Palmas de Gran Canaria ha celebrado hoy una reuni\u00f3n de la Mesa de la Moto con los representantes del sector para coordinar distintas iniciativas que se llevar\u00e1n a cabo en los pr\u00f3ximos meses y recoger propuestas a desarrollar de manera conjunta.<\/p>\n<\/div>\n<p dir=\"LTR\"><span lang=\"ES-TRAD\">Durante la reuni\u00f3n, a la que han asistido la Plataforma Motera para la Seguridad Vial, Canarias en Moto, Aemoto y la Asociaci\u00f3n de Autoescuelas de Las Palmas, se han tratado diversos temas como la pr\u00f3xima celebraci\u00f3n de la <strong>Feria de la Moto &#8220;LPAMotown&#8221;<\/strong>, la <strong>Semana Europea de la Movilidad<\/strong>, que volver\u00e1 a la ciudad en septiembre, o el <strong>D\u00eda Nacional de la Moto<\/strong>, que se conmemora este a\u00f1o el 12 de junio.<br aria-hidden=\"true\" \/><\/span><\/p>\n<p dir=\"LTR\"><span lang=\"ES-TRAD\">En el encuentro tambi\u00e9n se ha debatido la posibilidad de establecer una colaboraci\u00f3n entre el Ayuntamiento y las diversas asociaciones del sector para dar charlas de movilidad en los centros escolares y fomentar la educaci\u00f3n vial de los m\u00e1s j\u00f3venes.\u00a0<\/span><\/p>\n<p dir=\"LTR\"><span lang=\"ES-TRAD\">El concejal de Movilidad del Consistorio capitalino, Jos\u00e9 Eduardo Ram\u00edrez, destac\u00f3 \u201cla importancia de retomar las sesiones de este \u00f3rgano para seguir trabajando de manera coordinada con el sector en el desarrollo de medidas que impulsen el uso y la consolidaci\u00f3n de la motocicleta como modo de transporte en la ciudad\u201d.\u00a0<br aria-hidden=\"true\" \/><\/span><\/p>\n<p dir=\"LTR\"><span lang=\"ES-TRAD\">\u201cLas motos emiten menos CO2 que los turismos, ayudan a descongestionar el tr\u00e1fico, consumen menos combustible y ocupan un tercio del espacio del autom\u00f3vil. Es por ello que, desde este grupo de gobierno, las hemos incluido dentro de nuestra estrategia para fomentar un cambio en la movilidad de la capital\u201d, explic\u00f3 el concejal.\u00a0<br aria-hidden=\"true\" \/><\/span><\/p>\n<p dir=\"LTR\"><span lang=\"ES-TRAD\">Precisamente, en diciembre del pasado a\u00f1o, Idea Estudio Ingenier\u00eda public\u00f3 un informe sobre la tasa de motorizaci\u00f3n en el archipi\u00e9lago, en el que se constataba que, en Las Palmas de Gran Canaria, el <strong>\u00edndice de motocicletas se\u00a0sit\u00faa en 73 por cada 1.000 habitantes<\/strong>, por encima de la media de Canarias \u201367,1\u2013 y del Estado \u201367,6\u2013.\u00a0<br aria-hidden=\"true\" \/><\/span><\/p>\n<p dir=\"LTR\"><span lang=\"ES-TRAD\">En este sentido, el concejal ha compartido con los representantes del sector presentes en la Mesa las medidas puestas en marcha por el Ayuntamiento en los \u00faltimos meses, como el impulso al crecimiento de plazas de aparcamiento para motos.\u00a0<br aria-hidden=\"true\" \/><\/span><\/p>\n<p dir=\"LTR\"><span lang=\"ES-TRAD\">En la actualidad, la capital cuenta con <strong>1.623 estacionamientos gratuitos<\/strong> para estos veh\u00edculos, vinculadas al servicio de estacionamiento regulado \u2013904 en zona azul y 469 en zona verde\u2013. Tambi\u00e9n se cuenta con unas 250 plazas fuera de estos espacios regulados, mayoritariamente en la parte alta de la ciudad. <\/span><span lang=\"ES-TRAD\">Asimismo, para facilitar el uso de este medio de transporte, se permite circular a las motos en la mayor\u00eda de los carriles bus\/taxi de la ciudad.\u00a0<br aria-hidden=\"true\" \/><\/span><\/p>\n<p dir=\"LTR\"><span lang=\"ES-TRAD\">Durante la sesi\u00f3n, Jos\u00e9 Eduardo Ram\u00edrez ha recogido asimismo propuestas de los representantes del sector, como seguir aumentando las plazas de aparcamientos para estos veh\u00edculos, dado el crecimiento en ventas que est\u00e1n experimentando en la ciudad, e <strong>instalar nuevos puntos de recarga el\u00e9ctrica para las motocicletas.<\/strong>\u00a0\u00a0\u00a0<br aria-hidden=\"true\" \/><\/span><\/p>\n<p dir=\"LTR\"><span lang=\"ES-TRAD\">El concejal pact\u00f3 con los asistentes a la reuni\u00f3n la celebraci\u00f3n de una nueva sesi\u00f3n de la Mesa de la Moto en los pr\u00f3ximos meses, donde se har\u00e1 balance de las actuaciones realizadas y los resultados obtenidos, y se comprometi\u00f3 a seguir manteniendo la interlocuci\u00f3n directa con el sector, como se ha hecho hasta la fecha. \u00a0<\/span><\/p>\n<p dir=\"LTR\">Fuente <a href=\"https:\/\/canariasnoticias.es\/2022\/04\/21\/la-concejalia-de-movilidad-de-las-palmas-de-gran-canaria-reune-a-la-mesa-de-la-moto-para\">Canarias Noticias<\/a><\/p>\n","protected":false},"excerpt":{"rendered":"<p>La Concejal\u00eda de Movilidad del Ayuntamiento de Las Palmas de Gran Canaria ha celebrado hoy una reuni\u00f3n de la Mesa de la Moto con los representantes del sector para coordinar distintas iniciativas que se llevar\u00e1n a cabo en los pr\u00f3ximos meses y recoger propuestas a desarrollar de manera conjunta. Durante la reuni\u00f3n, a la que [&hellip;]<\/p>\n","protected":false},"author":4,"featured_media":35548,"comment_status":"closed","ping_status":"closed","sticky":false,"template":"","format":"standard","meta":{"_acf_changed":false,"rs_blank_template":"","rs_page_bg_color":"#ffffff","slide_template_v7":"","footnotes":""},"categories":[1],"tags":[407,67,1759],"class_list":["post-35547","post","type-post","status-publish","format-standard","has-post-thumbnail","hentry","category-sin-categoria","tag-aemoto","tag-lpa-motown","tag-mesa-de-la-movilidad"],"acf":[],"_links":{"self":[{"href":"https:\/\/femepa.org\/web\/wp-json\/wp\/v2\/posts\/35547","targetHints":{"allow":["GET"]}}],"collection":[{"href":"https:\/\/femepa.org\/web\/wp-json\/wp\/v2\/posts"}],"about":[{"href":"https:\/\/femepa.org\/web\/wp-json\/wp\/v2\/types\/post"}],"author":[{"embeddable":true,"href":"https:\/\/femepa.org\/web\/wp-json\/wp\/v2\/users\/4"}],"replies":[{"embeddable":true,"href":"https:\/\/femepa.org\/web\/wp-json\/wp\/v2\/comments?post=35547"}],"version-history":[{"count":0,"href":"https:\/\/femepa.org\/web\/wp-json\/wp\/v2\/posts\/35547\/revisions"}],"wp:featuredmedia":[{"embeddable":true,"href":"https:\/\/femepa.org\/web\/wp-json\/wp\/v2\/media\/35548"}],"wp:attachment":[{"href":"https:\/\/femepa.org\/web\/wp-json\/wp\/v2\/media?parent=35547"}],"wp:term":[{"taxonomy":"category","embeddable":true,"href":"https:\/\/femepa.org\/web\/wp-json\/wp\/v2\/categories?post=35547"},{"taxonomy":"post_tag","embeddable":true,"href":"https:\/\/femepa.org\/web\/wp-json\/wp\/v2\/tags?post=35547"}],"curies":[{"name":"wp","href":"https:\/\/api.w.org\/{rel}","templated":true}]}}