{"id":35822,"date":"2022-05-18T11:42:35","date_gmt":"2022-05-18T11:42:35","guid":{"rendered":"https:\/\/femepa.org\/web\/?p=35822"},"modified":"2022-05-18T11:42:35","modified_gmt":"2022-05-18T11:42:35","slug":"atraca-en-el-muelle-de-santa-catalina-la-11a-edicion-de-la-feria-internacional-del-mar","status":"publish","type":"post","link":"https:\/\/femepa.org\/web\/atraca-en-el-muelle-de-santa-catalina-la-11a-edicion-de-la-feria-internacional-del-mar\/","title":{"rendered":"Llega al muelle de Santa Catalina la 11\u00aa edici\u00f3n de la Feria Internacional del Mar"},"content":{"rendered":"<p>Como cada a\u00f1o, la Feria Internacional del Mar, (<strong>FIMAR<\/strong>) se convierte en la fecha esperada por el sector n\u00e1utico y marino-mar\u00edtimo de Canarias. Esta nueva edici\u00f3n, la 11\u00aa de su historia, tendr\u00e1 lugar en el Muelle Santa Catalina de Las Palmas de Gran Canaria <strong>entre el 20 y el 22 de mayo<\/strong>.<\/p>\n<p>Esta cita de referencia tiene como principal objetivo impulsar y dinamizar la Econom\u00eda Azul, aquella que pone en valor importancia de los mares y los oc\u00e9anos como motores de econom\u00eda y que en Canarias cobra especial inter\u00e9s por su situaci\u00f3n geogr\u00e1fica.<\/p>\n<p>Durante los 3 d\u00edas, los asistentes podr\u00e1n visitar m\u00e1s de 70 expositores p\u00fablicos y privados, entre los que estar\u00e1n muchas de las empresas asociadas a AEN\u00c1UTICA, asistir a m\u00faltiples charlas y participar en diversas actividades n\u00e1uticas de ocio y talleres, incluso para los m\u00e1s peque\u00f1os.<\/p>\n<p>Actividad promovida por el Cabildo de Gran Canaria, el Ayuntamiento de las Palmas de Gran Canaria, la Autoridad Portuaria de Las Palmas y organizada por INFECAR y Ciudad de Mar.<\/p>\n<p><strong>M\u00e1s informaci\u00f3n<\/strong> en <a href=\"https:\/\/feriainternacionaldelmar.com\/\">https:\/\/feriainternacionaldelmar.com\/<\/a><\/p>\n<p><strong>\u00a0<\/strong><\/p>\n<p><strong>\u00a0<\/strong><\/p>\n<p><strong>PROGRAMA COMPLETO<\/strong><\/p>\n<p><strong>VIERNES, 20 DE MAYO<\/strong><\/p>\n<p><strong>Charlas<\/strong><\/p>\n<p>10:30 horas. Instituto Social de la Marina. Jos\u00e9 Juli\u00e1n Su\u00e1rez Su\u00e1rez y Juan Socorro Cruz.<\/p>\n<p>11:15 horas. Algarden: Jard\u00edn de Algas. Carlos Almeida Pe\u00f1a<\/p>\n<p>12:00 horas. Sentirse seguro en la n\u00e1utica de recreo. Jos\u00e9 Antonio Gonz\u00e1lez Artiles<\/p>\n<p>13:00 horas. El CO2 en el oc\u00e9ano. David Curbelo Hern\u00e1ndez<\/p>\n<p>16:00 horas. Interreg Atlantic MONITOOL. Nuevas herramientas para la evaluaci\u00f3n del estado qu\u00edmico de las aguas costeras y de transici\u00f3n para la Directiva Marco del Agua. Vanessa Mill\u00e1n Gabet<\/p>\n<p>17:00 horas. Aportaciones del proyecto ABACO a la mejora de la zonas de ba\u00f1o. Calidad sanitaria de arenas de playas. Juana R. Betancort y Marta Rodrigo Sanz.<\/p>\n<p>18:00 horas. IUSA, el CSI del Mar. Raquel Puig Lozano.<\/p>\n<p>19:00 horas. La ruta mar\u00edtima a Canarias en la Roma Antigua. Gregorio Rodr\u00edguez Herrera y Trinidad Arcos Pereira.<\/p>\n<p><strong>Actividades n\u00e1uticas<\/strong><\/p>\n<p>10:30 a 13:30 horas:<br \/>\nBautizos de mar: Club Mar\u00edtimo Varadero + Federaci\u00f3n Insular de Vela.<br \/>\nVela adaptada. Real Club N\u00e1utico de Gran Canaria.<\/p>\n<p>15:30 a 18:00 horas:<br \/>\nBautizos de mar: Club Mar\u00edtimo Varadero + Federaci\u00f3n Insular de Vela.<br \/>\nExhibici\u00f3n de vela ligera. Real Club N\u00e1utico de Gran Canaria + Club Varadero.<\/p>\n<p>Visitas al Puerto en barco. 9:30, 11:30 y 13:00 horas.<\/p>\n<p><strong>S\u00c1BADO, 21 DE MAYO<\/strong><\/p>\n<p><strong>Charlas<\/strong><\/p>\n<p>10:30 horas. Sostenibilidad del transporte mar\u00edtimo desde el punto de vista del buque. Manuel J. Chica Gonz\u00e1lez y Alba Mart\u00ednez L\u00f3pez.<\/p>\n<p>11:30 horas. Los oc\u00e9anos, nuestros mayores aliados contra el cambio clim\u00e1tico. Beatriz Fernandez Gomez.<\/p>\n<p>12:30 horas. Micropl\u00e1sticos en las aguas profundas de Canarias y su llegada desde el oc\u00e9ano Atl\u00e1ntico. Daura Vega Moreno.<\/p>\n<p>13:30 horas. An\u00e1lisis de metabolitos en micro y macroalgas. Ana Mar\u00eda Baracaldo M\u00e9ndez<\/p>\n<p>16:00 horas. Desde la lubina hasta la cama hospitalaria: \u00bfPuede un probi\u00f3tico de origen marino prevenir la sepsis? Rafael Alay\u00f3n Afonso.<\/p>\n<p>17:00 horas. Letras saladas: oc\u00e9anos, literatura y compromiso. Carmen M\u00e1rquez Montes.<\/p>\n<p>18:00 horas. El potencial del buceo con tiburones en las Islas Canarias. Pedro Gonz\u00e1les Mantilla.<\/p>\n<p>19:00 horas. Fuentes hidrotermales profundas: la emisi\u00f3n de micronutrientes en el fondo del mar. David Gonz\u00e1lez Santana.<\/p>\n<p><strong>Actividades n\u00e1uticas<\/strong><\/p>\n<p>10:30 a 13:30 horas:<br \/>\nBautizos de mar: Federaci\u00f3n Insular de Vela + RCNGC + Vela Adaptada.<br \/>\nExhibici\u00f3n de Pirag\u00fcismo, Stand Up Paddel, Radiocontrol, Vela Latina y Vela Ligera.<\/p>\n<p>15:30 a 18:00 horas:<br \/>\nExhibici\u00f3n Suprace (carrera t\u00e9cnica con boyas).<br \/>\nExhibici\u00f3n Wake Foil e IQ Foil (windsurf).<\/p>\n<p>18:00 a 19:00 horas:<br \/>\nExhibici\u00f3n de Radiocontrol. Club Los Guaires.<\/p>\n<p>Visitas al Puerto en barco. 10:00, 11:00, 12:00, 13:00, 14:00, 15:00, 16:00 y 17:00 horas (se habilitan dos barcos).<\/p>\n<p>Visitas al Puerto en la guagua tur\u00edstica. Salidas a las 11:00, 13:00, 16:30 y 18:00 horas.<\/p>\n<p><strong>DOMINGO, 22 DE MAYO<\/strong><\/p>\n<p><strong>Charlas<\/strong><\/p>\n<p>11:00 horas. Conocer para conservar. Tiburones de Canarias a trav\u00e9s de la Ciencia Ciudadana. Asier Furundarena Hern\u00e1ndez.<\/p>\n<p>11:45 horas. Protocolos de atenci\u00f3n a varamientos de cet\u00e1ceos en Canarias. Manuel Arbelo Hern\u00e1ndez.<\/p>\n<p>12:30 horas. Impacto de los micropl\u00e1sticos en las islas Canaria. Sof\u00eda Huelbes Mu\u00f1oz. Alex Campillo de la Maza<\/p>\n<p>13:00 horas. Buceo consciente. Marina Mu\u00f1oz Gonzalo.<\/p>\n<p>13:30 horas. Metales traza y sus medidas en el oc\u00e9ano. Ver\u00f3nica Arnone.<\/p>\n<p><strong>Actividades n\u00e1uticas<\/strong><\/p>\n<p>10:30 a 11:30 horas:<br \/>\nBautizos Stand Up Paddle.<br \/>\nExhibici\u00f3n de Wake Foil e IQ Foil<\/p>\n<p>11:30 a 13:00 horas:<br \/>\nGran Parada N\u00e1utica.<br \/>\n420, 29er, Windsurf, Snipe, Optimist e ILCA.<\/p>\n<p>13:00 a 14:30 horas:<br \/>\nRegata Exhibici\u00f3n Cruceros Under 30 pies.<\/p>\n<p>Visitas al Puerto en barco. 10:00, 11:00, 12:00 y 13:00 horas (se habilitan dos barcos).<\/p>\n<p>Visitas al Puerto en la guagua tur\u00edstica. Salidas a las 11:00 y 13:00 horas.<\/p>\n<p>Durante la feria tambi\u00e9n se programar\u00e1n visitas a uno de los BAM (Buque de Acci\u00f3n Mar\u00edtima) de la Armada.<\/p>\n<p>Viernes 20. De 10:30 a 13:00 horas y de 16:00 a 20:00 horas.<br \/>\nS\u00e1bado 21. De 10:30 a 13:00 horas y de 16:00 a 20:00 horas.<\/p>\n","protected":false},"excerpt":{"rendered":"<p>Como cada a\u00f1o, la Feria Internacional del Mar, (FIMAR) se convierte en la fecha esperada por el sector n\u00e1utico y marino-mar\u00edtimo de Canarias. Esta nueva edici\u00f3n, la 11\u00aa de su historia, tendr\u00e1 lugar en el Muelle Santa Catalina de Las Palmas de Gran Canaria entre el 20 y el 22 de mayo. Esta cita de [&hellip;]<\/p>\n","protected":false},"author":4,"featured_media":35823,"comment_status":"closed","ping_status":"closed","sticky":false,"template":"","format":"standard","meta":{"_acf_changed":false,"rs_blank_template":"","rs_page_bg_color":"#ffffff","slide_template_v7":"","footnotes":""},"categories":[1],"tags":[87,2319,89],"class_list":["post-35822","post","type-post","status-publish","format-standard","has-post-thumbnail","hentry","category-sin-categoria","tag-aenautica","tag-feria-internacional-del-mar","tag-fimar"],"acf":[],"_links":{"self":[{"href":"https:\/\/femepa.org\/web\/wp-json\/wp\/v2\/posts\/35822","targetHints":{"allow":["GET"]}}],"collection":[{"href":"https:\/\/femepa.org\/web\/wp-json\/wp\/v2\/posts"}],"about":[{"href":"https:\/\/femepa.org\/web\/wp-json\/wp\/v2\/types\/post"}],"author":[{"embeddable":true,"href":"https:\/\/femepa.org\/web\/wp-json\/wp\/v2\/users\/4"}],"replies":[{"embeddable":true,"href":"https:\/\/femepa.org\/web\/wp-json\/wp\/v2\/comments?post=35822"}],"version-history":[{"count":0,"href":"https:\/\/femepa.org\/web\/wp-json\/wp\/v2\/posts\/35822\/revisions"}],"wp:featuredmedia":[{"embeddable":true,"href":"https:\/\/femepa.org\/web\/wp-json\/wp\/v2\/media\/35823"}],"wp:attachment":[{"href":"https:\/\/femepa.org\/web\/wp-json\/wp\/v2\/media?parent=35822"}],"wp:term":[{"taxonomy":"category","embeddable":true,"href":"https:\/\/femepa.org\/web\/wp-json\/wp\/v2\/categories?post=35822"},{"taxonomy":"post_tag","embeddable":true,"href":"https:\/\/femepa.org\/web\/wp-json\/wp\/v2\/tags?post=35822"}],"curies":[{"name":"wp","href":"https:\/\/api.w.org\/{rel}","templated":true}]}}