{"id":35837,"date":"2022-05-20T10:24:01","date_gmt":"2022-05-20T10:24:01","guid":{"rendered":"https:\/\/femepa.org\/web\/?p=35837"},"modified":"2022-05-20T10:24:01","modified_gmt":"2022-05-20T10:24:01","slug":"35837-2","status":"publish","type":"post","link":"https:\/\/femepa.org\/web\/35837-2\/","title":{"rendered":"Aielpa celebra su Asamblea General y configura su nueva Junta Directiva"},"content":{"rendered":"<p>El<em> pasado 5 de mayo tuvo lugar en la sede de FEMEPA la Asamblea General de la <a href=\"https:\/\/aielpa.es\/\">Asociaci\u00f3n provincial de Industriales de la Electricidad y Telecomunicaciones de Las Palmas (AIELPA)<\/a> y entre otras cosas se proced\u00eda a la elecci\u00f3n de directivos de la Asociaci\u00f3n.<\/em><em>\u00a0<\/em><\/p>\n<p><em>En esta ocasi\u00f3n se eleg\u00edan los cargos de Vicepresidente I, Vicepresidente II, tesorero y doce vocales; el Presidente, V\u00edctor S\u00e1nchez Vera, fue elegido en Julio de 2020 y no correspond\u00eda elegir nuevamente este cargo.<\/em><\/p>\n<p><em>Una vez realizado el proceso electoral, la Junta Directiva al completo queda configurada de la siguiente manera;<\/em><\/p>\n<p><em>\u00a0<\/em><\/p>\n<table width=\"739\">\n<tbody>\n<tr>\n<td width=\"191\"><strong><em><u>CARGO<\/u><\/em><\/strong><\/p>\n<p><strong><em>\u00a0<\/em><\/strong><\/td>\n<td width=\"321\"><strong><em><u>REPRESENTANTE<\/u><\/em><\/strong><\/td>\n<td width=\"227\"><strong><em><u>EMPRESA<\/u><\/em><\/strong><\/td>\n<\/tr>\n<tr>\n<td width=\"191\"><em>PRESIDENTE<\/em><\/td>\n<td width=\"321\"><em>D. VICTOR SANCHEZ VERA<\/em><\/td>\n<td width=\"227\"><em>VICTOR SANCHEZ VERA<\/em><\/p>\n<p><em>\u00a0<\/em><\/td>\n<\/tr>\n<tr>\n<td width=\"191\"><em>VICEPRESIDENTE I<\/em><\/td>\n<td width=\"321\"><em>D. ALEXIS MONTESDEOCA ACOSTA<\/em><\/td>\n<td width=\"227\"><em>NALEXCAN, S.L.<\/em><\/td>\n<\/tr>\n<tr>\n<td width=\"191\"><em>VICEPRESIDENTE II<\/em><\/p>\n<p><em>\u00a0<\/em><\/td>\n<td width=\"321\"><em>D. EDUARDO DEL ROSARIO MARTEL<\/em><\/td>\n<td width=\"227\"><em>GALAXIA COMUNICACIONES<\/em><\/td>\n<\/tr>\n<tr>\n<td width=\"191\"><em>\u00a0<\/em><\/td>\n<td width=\"321\"><em>\u00a0<\/em><\/td>\n<td width=\"227\"><em>\u00a0<\/em><\/td>\n<\/tr>\n<tr>\n<td width=\"191\"><em>VOCAL<\/em><\/p>\n<p><em>\u00a0<\/em><\/td>\n<td width=\"321\"><em>D. MIGUEL A. MORENO ALMEIDA<\/em><\/td>\n<td width=\"227\"><em>ELECNOR, S.P.<\/em><\/p>\n<p><em>\u00a0<\/em><\/td>\n<\/tr>\n<tr>\n<td width=\"191\"><em>VOCAL<\/em><\/p>\n<p><em>\u00a0<\/em><\/td>\n<td width=\"321\"><em>D. JUAN MANUEL PINTADO SORIANO<\/em><\/td>\n<td width=\"227\"><em>LUMIMANIA, S.L. (VOLTILUX)<\/em><\/td>\n<\/tr>\n<tr>\n<td width=\"191\"><em>VOCAL<\/em><\/p>\n<p><em>\u00a0<\/em><\/td>\n<td width=\"321\"><em>D. BENITO MARCOS RAMOS RIVERO<\/em><\/td>\n<td width=\"227\"><em>RAMOS BETANCOR, S.L.<\/em><\/td>\n<\/tr>\n<tr>\n<td width=\"191\"><em>VOCAL<\/em><\/td>\n<td width=\"321\"><em>D. ARMANDO HERNANDEZ PULIDO<\/em><\/td>\n<td width=\"227\"><em>INSMOELCA, S.L.<\/em><\/td>\n<\/tr>\n<tr>\n<td width=\"191\"><em>VOCAL<\/em><\/p>\n<p><em>\u00a0<\/em><\/td>\n<td width=\"321\"><em>D. SIMON DEL CASTILLO H\u00d6RUP<\/em><\/td>\n<td width=\"227\"><em>MICAN, S.A.<\/em><\/td>\n<\/tr>\n<tr>\n<td width=\"191\"><em>VOCAL<\/em><\/td>\n<td width=\"321\"><em>D. OCTAVIO GUERRA SUAREZ<\/em><\/td>\n<td width=\"227\"><em>OCTAVIO GUERRA, S.L.<\/em><\/p>\n<p><em>\u00a0<\/em><\/td>\n<\/tr>\n<tr>\n<td width=\"191\"><em>VOCAL<\/em><\/p>\n<p><em>\u00a0<\/em><\/td>\n<td width=\"321\"><em>D. AITOR SANCHEZ MOLA<\/em><\/td>\n<td width=\"227\"><em>AITOR SANCHEZ MOLA<\/em><\/td>\n<\/tr>\n<tr>\n<td width=\"191\"><em>VOCAL<\/em><\/p>\n<p><em>\u00a0<\/em><\/td>\n<td width=\"321\"><em>D. JUAN FRANCISCO CARDONA REYES<\/em><\/td>\n<td width=\"227\"><em>ELECTRIMEGA, S.L.U<\/em><\/p>\n<p><em>\u00a0<\/em><\/td>\n<\/tr>\n<tr>\n<td width=\"191\"><em>VOCAL<\/em><\/p>\n<p><em>\u00a0<\/em><\/td>\n<td width=\"321\"><em>D. ANGEL JIMENEZ MEDINA<\/em><\/td>\n<td width=\"227\"><em>ABT CANARIAS, S.A.<\/em><\/td>\n<\/tr>\n<tr>\n<td width=\"191\"><em>VOCAL<\/em><\/td>\n<td width=\"321\"><em>D. LUIS ANTONIO CEDRES SOSA<\/em><\/td>\n<td width=\"227\"><em>FONTLUX 2002, S.L.<\/em><\/td>\n<\/tr>\n<tr>\n<td width=\"191\"><em>VOCAL POR FUERTEVENTURA<\/em><\/td>\n<td width=\"321\"><em>D. JOSE MANUEL PEREZ ZARZA<\/em><\/td>\n<td width=\"227\"><em>JOSE MANUEL PEREZ ZARZA<\/em><\/p>\n<p><em>(ELECTRO ZARZA)<\/em><\/td>\n<\/tr>\n<tr>\n<td width=\"191\"><em>VOCAL POR LANZAROTE<\/em><\/td>\n<td width=\"321\"><em>D. BRAULIO MANZANARES SEVILLA<\/em><\/td>\n<td width=\"227\"><em>GRUPO SERVITECNICA 2017, S.L.<\/em><\/td>\n<\/tr>\n<\/tbody>\n<\/table>\n<p><em>\u00a0<\/em><\/p>\n<p><em>Durante este encuentro, adem\u00e1s de proceder a la correspondiente aprobaci\u00f3n de la liquidaci\u00f3n de cuentas del 2021 y presupuestos para el 2022, tambi\u00e9n se aprob\u00f3 la modificaci\u00f3n de algunos art\u00edculos de los actuales estatutos de la Asociaci\u00f3n para adaptarlos a la situaci\u00f3n actual, y entre otras cosas, dar validez a los encuentros de los \u00f3rganos\u00a0de gobierno convocados de manera \u201con Line\u201d o telem\u00e1tica.<\/em><\/p>\n<p>&nbsp;<\/p>\n","protected":false},"excerpt":{"rendered":"<p>El pasado 5 de mayo tuvo lugar en la sede de FEMEPA la Asamblea General de la Asociaci\u00f3n provincial de Industriales de la Electricidad y Telecomunicaciones de Las Palmas (AIELPA) y entre otras cosas se proced\u00eda a la elecci\u00f3n de directivos de la Asociaci\u00f3n.\u00a0 En esta ocasi\u00f3n se eleg\u00edan los cargos de Vicepresidente I, Vicepresidente [&hellip;]<\/p>\n","protected":false},"author":4,"featured_media":35843,"comment_status":"closed","ping_status":"closed","sticky":false,"template":"","format":"standard","meta":{"_acf_changed":false,"rs_blank_template":"","rs_page_bg_color":"","slide_template_v7":"","footnotes":""},"categories":[1],"tags":[125,2322],"class_list":["post-35837","post","type-post","status-publish","format-standard","has-post-thumbnail","hentry","category-sin-categoria","tag-aielpa","tag-nueva-junta-directiva-de-aielpa"],"acf":[],"_links":{"self":[{"href":"https:\/\/femepa.org\/web\/wp-json\/wp\/v2\/posts\/35837","targetHints":{"allow":["GET"]}}],"collection":[{"href":"https:\/\/femepa.org\/web\/wp-json\/wp\/v2\/posts"}],"about":[{"href":"https:\/\/femepa.org\/web\/wp-json\/wp\/v2\/types\/post"}],"author":[{"embeddable":true,"href":"https:\/\/femepa.org\/web\/wp-json\/wp\/v2\/users\/4"}],"replies":[{"embeddable":true,"href":"https:\/\/femepa.org\/web\/wp-json\/wp\/v2\/comments?post=35837"}],"version-history":[{"count":0,"href":"https:\/\/femepa.org\/web\/wp-json\/wp\/v2\/posts\/35837\/revisions"}],"wp:featuredmedia":[{"embeddable":true,"href":"https:\/\/femepa.org\/web\/wp-json\/wp\/v2\/media\/35843"}],"wp:attachment":[{"href":"https:\/\/femepa.org\/web\/wp-json\/wp\/v2\/media?parent=35837"}],"wp:term":[{"taxonomy":"category","embeddable":true,"href":"https:\/\/femepa.org\/web\/wp-json\/wp\/v2\/categories?post=35837"},{"taxonomy":"post_tag","embeddable":true,"href":"https:\/\/femepa.org\/web\/wp-json\/wp\/v2\/tags?post=35837"}],"curies":[{"name":"wp","href":"https:\/\/api.w.org\/{rel}","templated":true}]}}