{"id":35904,"date":"2022-05-24T12:09:36","date_gmt":"2022-05-24T12:09:36","guid":{"rendered":"https:\/\/femepa.org\/web\/?p=35904"},"modified":"2022-05-24T12:09:36","modified_gmt":"2022-05-24T12:09:36","slug":"vuelve-la-feria-de-la-moto-y-la-movilidad-urbana-sostenible-de-la-mano-de-femepa-y-aemoto","status":"publish","type":"post","link":"https:\/\/femepa.org\/web\/vuelve-la-feria-de-la-moto-y-la-movilidad-urbana-sostenible-de-la-mano-de-femepa-y-aemoto\/","title":{"rendered":"Vuelve la Feria de la Moto y la Movilidad Urbana Sostenible de la mano de Femepa y AEMOTO"},"content":{"rendered":"<p><strong>LPA Motown 2022<\/strong>, la sexta edici\u00f3n de la Feria de la Moto y la Movilidad Urbana Sostenible llega a Infecar desde el <strong>viernes 27 hasta domingo 29 de mayo<\/strong> y cuenta con la participaci\u00f3n de m\u00e1s de 50 expositores.<\/p>\n<p>El evento que est\u00e1 organizado por Aemoto y Femepa con el patrocinio del <strong>Ayuntamiento de Las Palmas de Gran Canaria<\/strong> y de <strong>Sagulpa<\/strong>, retoma su celebraci\u00f3n tras dos a\u00f1os de par\u00f3n a causa de la crisis sanitaria provocada por el Covid-19. La entrada ser\u00e1 gratuita y se puede descargar tanto en la web de Aemoto (<a href=\"http:\/\/www.aemoto.es\">www.aemoto.es<\/a>) como en la app del evento (LPAMotown Sagulpa), donde se podr\u00e1 acceder tambi\u00e9n a toda la informaci\u00f3n del mismo.<\/p>\n<p>Esta iniciativa, que se desarrolla con el objetivo de promover la actividad comercial de las empresas vinculadas al sector de las dos ruedas, promocionar nuevos productos y favorecer la proyecci\u00f3n social de colectivos, asociaciones y clubes de aficionados, contar\u00e1 adem\u00e1s con m\u00e1s de 90 actividades para todos los p\u00fablicos.<\/p>\n<p>Juan Carlos Betancor, secretario general de Femepa, asegur\u00f3 que \u201cseg\u00fan el \u00faltimo estudio de la Mesa de Movilidad de Femepa en 2021, <strong>el uso de la moto en la ciudad de Las Palmas de Gran Canaria no llega al 9%<\/strong> con lo que supone un amplio margen de crecimiento si comparamos ese dato con el de otras grandes ciudades como Madrid o Barcelona, que llegan al 25 \u00f3 30% respectivamente\u201d.<\/p>\n<p>Por su parte, Manuel Marrero, presidente de Aemoto, destac\u00f3 \u201cque, como cada a\u00f1o, queremos ser un impulso para las pol\u00edticas de movilidad urbana sostenible desarrolladas por el Ayuntamiento de Las Palmas de Gran Canaria. Concienciando a los asistentes m\u00e1s, si cabe, de los beneficios del uso de los veh\u00edculos de transporte individual; motos, bicicletas y patinetes el\u00e9ctricos son sin duda el transporte m\u00e1s c\u00f3modo, din\u00e1mico y menos contaminante para la ciudad. En esta edici\u00f3n por primera vez se celebra el \u201cSal\u00f3n de la Moto\u201d con un total de 28 stands, un \u00e9xito de participaci\u00f3n\u201d.<\/p>\n<p>El concejal de Movilidad del Consistorio capitalino, Jos\u00e9 Eduardo Ram\u00edrez, explic\u00f3 que \u201cen la pir\u00e1mide de la movilidad sostenibles, las motos juegan un papel fundamental en una ciudad como la nuestra: ocupan poco espacio tanto en movimiento como aparcadas, los recorridos realizados se acortan y por lo tanto contaminan menos, y adem\u00e1s est\u00e1n avanzando de manera muy r\u00e1pida en la tecnolog\u00eda el\u00e9ctrica. Por ello, desde el Ayuntamiento apoyamos su uso como una alternativa de movilidad m\u00e1s eficiente\u201d.<\/p>\n<p>\u201cEsta feria tambi\u00e9n nos permite tener una amplia muestra de los nuevos veh\u00edculos de movilidad personal y de bicicletas el\u00e9ctricas y visibilizar estas f\u00f3rmulas, que van a adquirir un protagonismo esencial en nuestras ciudades en los pr\u00f3ximos a\u00f1os\u201d, a\u00f1adi\u00f3 el concejal.<\/p>\n<p>En esta edici\u00f3n, Motown cuenta con <strong>7.200 metros cuadrados de exposici\u00f3n en los pabellones 5, 6 y 7 de Infecar<\/strong>, e incluye como gran novedad el \u201cI Sal\u00f3n de la Moto\u201d, una oportunidad inmejorable de encontrar en un solo espacio las empresas que lideran el sector de las dos ruedas.<\/p>\n<p>El Ayuntamiento capitalino dispondr\u00e1 adem\u00e1s de un <strong>espacio propio dedicado al \u00e1rea de Movilidad<\/strong>, con presencia de Sagulpa y Guaguas Municipales. As\u00ed, en el marco de la campa\u00f1a \u2018LPGC Mueve\u2019, se desarrollar\u00e1n iniciativas con el objetivo de fomentar el uso del transporte p\u00fablico colectivo y de taxis, as\u00ed como de bicicletas y patinetas.<\/p>\n<p>En este sentido, se realizar\u00e1n distintas actividades, como la creaci\u00f3n de \u2018Tiktoks\u2019 sobre movilidad sostenible y divertida, el juego \u2018Guirigame\u2019 de Sitycleta, y dinamizaciones con el bono virtual de Guaguas. El stand capitalino impulsa el concepto de \u201cconectar\u201d la ciudad a trav\u00e9s de los modos de transporte sostenibles.<\/p>\n<p>En la zona \u2018Market\u2019, tambi\u00e9n ubicada en el Pabell\u00f3n 5, los visitantes de Motown encontrar\u00e1n productos y servicios que abarcan desde repuestos a seguros, pasando por accesorios personales y bienestar.\u00a0 Asimismo, en esta edici\u00f3n, Motown cuenta con una zona infantil.<\/p>\n<p>A lo largo de los tres d\u00edas, las personas que se acerquen hasta la Feria de la Moto podr\u00e1n probar y comprar los distintos veh\u00edculos expuestos \u2013no solo motocicletas, sino tambi\u00e9n veh\u00edculos de movilidad personal, como bicicletas o patinetas el\u00e9ctricas\u2013, as\u00ed como una amplia variedad de accesorios, y disfrutar de exposiciones, charlas, talleres y demostraciones.<\/p>\n<p>En las zonas entre pabellones y los alrededores de las mismas se realizar\u00e1n distintas actividades, como los cursos de iniciaci\u00f3n a la conducci\u00f3n (\u2018Mi Primer Experiencia en Moto), concursos, sorteos, circuitos para veh\u00edculos el\u00e9ctricos o \u2018microcars\u2019, pruebas din\u00e1micas de las novedades de las marcas, y exhibiciones.<\/p>\n<p>De la misma forma, se podr\u00e1 disfrutar de conciertos \u2013como el de \u2018Doble Malta &amp; Friends\u2019 el viernes o \u2018Belingo pop\u2019 el s\u00e1bado\u2013, presentaciones de nuevos modelos y la entrega de los galardones a \u201cLa Moto del A\u00f1o en Canarias\u201d. El escenario estar\u00e1 ubicado entre los pabellones 5 y 7, junto al espacio de restauraci\u00f3n, que tendr\u00e1 una amplia oferta de \u2018food trucks\u2019.<\/p>\n<p>El <strong>s\u00e1bado 28 ser\u00e1 el d\u00eda de la mujer en LPA Motown<\/strong>, y se desarrollar\u00e1n actividades como charlas de seguridad y conducci\u00f3n y de visibilizaci\u00f3n de la mujer a cargo del grupo \u2018Las Mosqueteras Moteras\u2019, que cerrar\u00e1n el d\u00eda con una actuaci\u00f3n en la zona de ocio.<\/p>\n<p>El horario de la feria ser\u00e1 el viernes y s\u00e1bado de 10:00 a 20:00 \u2013a partir de esa hora se centrar\u00e1 la actividad en la zona de ocio\u2013 y el domingo de 10:00 a 16:00 horas. Las personas que acudan en moto a la LPA Motown 2022 podr\u00e1n aparcar su veh\u00edculo en la entrada principal de Infecar, cuyo parquin estar\u00e1 destinado exclusivamente a las motos. El resto de veh\u00edculos podr\u00e1n aparcar en la zona habitual reservada para coches.<\/p>\n<p>Galer\u00eda fotogr\u00e1fica de la presentaci\u00f3n del evento: <a href=\"https:\/\/flic.kr\/s\/aHBqjzRiG7\">https:\/\/flic.kr\/s\/aHBqjzRiG7<\/a><\/p>\n","protected":false},"excerpt":{"rendered":"<p>LPA Motown 2022, la sexta edici\u00f3n de la Feria de la Moto y la Movilidad Urbana Sostenible llega a Infecar desde el viernes 27 hasta domingo 29 de mayo y cuenta con la participaci\u00f3n de m\u00e1s de 50 expositores. El evento que est\u00e1 organizado por Aemoto y Femepa con el patrocinio del Ayuntamiento de Las [&hellip;]<\/p>\n","protected":false},"author":4,"featured_media":35905,"comment_status":"closed","ping_status":"closed","sticky":false,"template":"","format":"standard","meta":{"_acf_changed":false,"rs_blank_template":"","rs_page_bg_color":"","slide_template_v7":"","footnotes":""},"categories":[1],"tags":[2214,407,1351,2045,116,2046,1759,74,96],"class_list":["post-35904","post","type-post","status-publish","format-standard","has-post-thumbnail","hentry","category-sin-categoria","tag-6a-lpa-motown","tag-aemoto","tag-ayuntamiento-de-las-palmas-de-gran-canaria","tag-feria-de-la-moto-y-la-movilidad","tag-infecar","tag-lpa-motown2022","tag-mesa-de-la-movilidad","tag-sagulpa","tag-sostenibilidad"],"acf":[],"_links":{"self":[{"href":"https:\/\/femepa.org\/web\/wp-json\/wp\/v2\/posts\/35904","targetHints":{"allow":["GET"]}}],"collection":[{"href":"https:\/\/femepa.org\/web\/wp-json\/wp\/v2\/posts"}],"about":[{"href":"https:\/\/femepa.org\/web\/wp-json\/wp\/v2\/types\/post"}],"author":[{"embeddable":true,"href":"https:\/\/femepa.org\/web\/wp-json\/wp\/v2\/users\/4"}],"replies":[{"embeddable":true,"href":"https:\/\/femepa.org\/web\/wp-json\/wp\/v2\/comments?post=35904"}],"version-history":[{"count":0,"href":"https:\/\/femepa.org\/web\/wp-json\/wp\/v2\/posts\/35904\/revisions"}],"wp:featuredmedia":[{"embeddable":true,"href":"https:\/\/femepa.org\/web\/wp-json\/wp\/v2\/media\/35905"}],"wp:attachment":[{"href":"https:\/\/femepa.org\/web\/wp-json\/wp\/v2\/media?parent=35904"}],"wp:term":[{"taxonomy":"category","embeddable":true,"href":"https:\/\/femepa.org\/web\/wp-json\/wp\/v2\/categories?post=35904"},{"taxonomy":"post_tag","embeddable":true,"href":"https:\/\/femepa.org\/web\/wp-json\/wp\/v2\/tags?post=35904"}],"curies":[{"name":"wp","href":"https:\/\/api.w.org\/{rel}","templated":true}]}}