{"id":35957,"date":"2022-05-27T08:49:10","date_gmt":"2022-05-27T08:49:10","guid":{"rendered":"https:\/\/femepa.org\/web\/?p=35957"},"modified":"2022-05-27T08:49:10","modified_gmt":"2022-05-27T08:49:10","slug":"presencia-de-femepa-y-aemoto-con-un-stand-propio-en-la-feria-de-la-moto-y-la-movilidad-urbana-sostenible","status":"publish","type":"post","link":"https:\/\/femepa.org\/web\/presencia-de-femepa-y-aemoto-con-un-stand-propio-en-la-feria-de-la-moto-y-la-movilidad-urbana-sostenible\/","title":{"rendered":"Presencia de Femepa y AEMOTO con un stand propio en la Feria de la Moto y la Movilidad Urbana Sostenible"},"content":{"rendered":"<p>La <strong>Feria de la Moto y la Movilidad Urbana Sostenible<\/strong>, que abre sus puertas hoy viernes 27 de mayo en INFECAR, contar\u00e1 con un <strong>stand propio de Femepa y AEMOTO<\/strong>.<\/p>\n<p>Este stand contar\u00e1 con personal t\u00e9cnico tanto de la Federaci\u00f3n como de la Asociaci\u00f3n de la Motocicleta para <strong>informar del curso formativo sobre mec\u00e1nica de veh\u00edculos de 2 y 3 ruedas<\/strong> as\u00ed como el resto del amplio cat\u00e1logo de acciones que se llevan a cabo en Femepa.<\/p>\n<p>Durante los 3 d\u00edas de la Feria se proceder\u00e1 a la captaci\u00f3n de potencial alumnado para un <strong>curso de formaci\u00f3n que cuenta con un compromiso de contrataci\u00f3n<\/strong> por el cual el 40% del alumnado ser\u00e1 empleado en empresas del sector, por un periodo m\u00ednimo de 6 meses.<\/p>\n<p>Tambi\u00e9n se ofrecer\u00e1 toda la<strong> informaci\u00f3n respectiva a las ofertas de empleo activas<\/strong> en el sector del metal y las nuevas tecnolog\u00edas, as\u00ed como la formaci\u00f3n <strong>dirigida a personas desempleadas y a personas ocupadas<\/strong> del sector del metal y la construcci\u00f3n.<\/p>\n<p>Ven a visitarnos y te asesoraremos personalmente.<\/p>\n<p>M\u00e1s informaci\u00f3n: <a href=\"https:\/\/www.aemoto.es\/\">https:\/\/www.aemoto.es\/<\/a><\/p>\n","protected":false},"excerpt":{"rendered":"<p>La Feria de la Moto y la Movilidad Urbana Sostenible, que abre sus puertas hoy viernes 27 de mayo en INFECAR, contar\u00e1 con un stand propio de Femepa y AEMOTO. Este stand contar\u00e1 con personal t\u00e9cnico tanto de la Federaci\u00f3n como de la Asociaci\u00f3n de la Motocicleta para informar del curso formativo sobre mec\u00e1nica de [&hellip;]<\/p>\n","protected":false},"author":4,"featured_media":35958,"comment_status":"closed","ping_status":"closed","sticky":false,"template":"","format":"standard","meta":{"_acf_changed":false,"rs_blank_template":"","rs_page_bg_color":"#ffffff","slide_template_v7":"","footnotes":""},"categories":[1],"tags":[2214,407,1351,2045,116,2046,1759,74],"class_list":["post-35957","post","type-post","status-publish","format-standard","has-post-thumbnail","hentry","category-sin-categoria","tag-6a-lpa-motown","tag-aemoto","tag-ayuntamiento-de-las-palmas-de-gran-canaria","tag-feria-de-la-moto-y-la-movilidad","tag-infecar","tag-lpa-motown2022","tag-mesa-de-la-movilidad","tag-sagulpa"],"acf":[],"_links":{"self":[{"href":"https:\/\/femepa.org\/web\/wp-json\/wp\/v2\/posts\/35957","targetHints":{"allow":["GET"]}}],"collection":[{"href":"https:\/\/femepa.org\/web\/wp-json\/wp\/v2\/posts"}],"about":[{"href":"https:\/\/femepa.org\/web\/wp-json\/wp\/v2\/types\/post"}],"author":[{"embeddable":true,"href":"https:\/\/femepa.org\/web\/wp-json\/wp\/v2\/users\/4"}],"replies":[{"embeddable":true,"href":"https:\/\/femepa.org\/web\/wp-json\/wp\/v2\/comments?post=35957"}],"version-history":[{"count":0,"href":"https:\/\/femepa.org\/web\/wp-json\/wp\/v2\/posts\/35957\/revisions"}],"wp:featuredmedia":[{"embeddable":true,"href":"https:\/\/femepa.org\/web\/wp-json\/wp\/v2\/media\/35958"}],"wp:attachment":[{"href":"https:\/\/femepa.org\/web\/wp-json\/wp\/v2\/media?parent=35957"}],"wp:term":[{"taxonomy":"category","embeddable":true,"href":"https:\/\/femepa.org\/web\/wp-json\/wp\/v2\/categories?post=35957"},{"taxonomy":"post_tag","embeddable":true,"href":"https:\/\/femepa.org\/web\/wp-json\/wp\/v2\/tags?post=35957"}],"curies":[{"name":"wp","href":"https:\/\/api.w.org\/{rel}","templated":true}]}}