{"id":35964,"date":"2022-05-27T12:11:21","date_gmt":"2022-05-27T12:11:21","guid":{"rendered":"https:\/\/femepa.org\/web\/?p=35964"},"modified":"2022-05-27T12:11:21","modified_gmt":"2022-05-27T12:11:21","slug":"inauguracion-de-la-6a-edicion-de-la-feria-de-la-moto-y-la-movilidad-urbana-sostenible","status":"publish","type":"post","link":"https:\/\/femepa.org\/web\/inauguracion-de-la-6a-edicion-de-la-feria-de-la-moto-y-la-movilidad-urbana-sostenible\/","title":{"rendered":"Inauguraci\u00f3n de la 6\u00aa edici\u00f3n de la Feria de la Moto y la Movilidad Urbana Sostenible"},"content":{"rendered":"<p>Arranca la <strong>LPA Motown 2022<\/strong>, la <strong>Feria de la Moto y la Movilidad Urbana Sostenible<\/strong>, este viernes 27 de mayo en Infecar. El evento re\u00fane a m\u00e1s de 60 expositores en la gran cita del mundo de la motocicleta.<\/p>\n<p>El concejal de Movilidad del Ayuntamiento de Las Palmas de Gran Canaria, Jos\u00e9 Eduardo Ram\u00edrez, acompa\u00f1ado por el coordinador t\u00e9cnico de Desarrollo Econ\u00f3mico, Soberan\u00eda Energ\u00e9tica, Clima y Conocimiento del Cabildo, Ra\u00fal Garc\u00eda Brink, el presidente de Aemoto, Manuel Marrero, y el secretario general de Femepa, Juan Carlos Betancor, procedi\u00f3 esta ma\u00f1ana a la inauguraci\u00f3n de la sexta edici\u00f3n de la Feria de la Moto y de la Movilidad Urbana Sostenible.<\/p>\n<p>La feria, que se celebra hasta el domingo en Infecar con <strong>m\u00e1s de 60 expositores y de 90 actividades<\/strong>, supone el retorno de Motown tras dos a\u00f1os de par\u00f3n a causa de la crisis sanitaria provocada por el Covid-19. La<strong> entrada es gratuita<\/strong> y se puede descargar tanto en la web de Aemoto (<a href=\"http:\/\/www.aemoto.es\">www.aemoto.es<\/a>) como en la app del evento (LPAMotown Sagulpa), donde se puede acceder tambi\u00e9n a toda la informaci\u00f3n del mismo.<\/p>\n<p><strong>Motown es la cita por excelencia del mundo de las dos ruedas en la isla<\/strong>, organizada por Aemoto y Femepa con el patrocinio del Ayuntamiento capitalino y de Sagulpa. Tiene como objetivo la promoci\u00f3n de la actividad comercial de las empresas vinculadas a este sector, as\u00ed como promocionar nuevos productos y favorecer la proyecci\u00f3n social de colectivos, asociaciones y clubes de aficionados, adem\u00e1s de impulsar los modos de transporte sostenible.<\/p>\n<p><strong>Manuel Marrero, presidente de Aemoto<\/strong>, destac\u00f3 que \u201ces una gran noticia que podamos celebrar esta feria despu\u00e9s de los dos \u00faltimos a\u00f1os de par\u00f3n. Para esta fiesta de la moto esperamos una gran afluencia de visitantes y \u00e9xito de convocatoria, incluso superando las cifras de asistentes de a\u00f1os anteriores\u201d.<\/p>\n<p><strong>Juan Carlos Betancor, secretario general de Femepa<\/strong>, asegur\u00f3 que \u201cdesde la Federaci\u00f3n se han puesto todos los medios para apoyar esta Feria de la Moto. Creemos que tanto la movilidad el\u00e9ctrica como la movilidad de dos ruedas tienen un amplio margen de mejora en la ciudad de Las Palmas de Gran Canaria y desde Femepa apostamos por su crecimiento e impulso\u201d.<\/p>\n<p>El <strong>concejal de Movilidad del Consistorio capitalino, Jos\u00e9 Eduardo Ram\u00edrez<\/strong>, explic\u00f3 que \u201cen esta feria podemos ver una importante muestra de los avances que se est\u00e1n produciendo en el sector de las dos ruedas, tanto motos y bicicletas como patinetas, que los convierte en veh\u00edculos cada vez m\u00e1s sostenibles no s\u00f3lo por su transici\u00f3n hacia la tecnolog\u00eda el\u00e9ctrica sino porque su uso ocupa menos espacio y contamina menos\u201d.<\/p>\n<p>El recorrido realizado hoy con motivo de la inauguraci\u00f3n del evento comenz\u00f3 en el stand de la Concejal\u00eda de Movilidad, que cuenta con la presencia de Guaguas Municipales y de Sagulpa y se encuentra en el Pabell\u00f3n 5 del Recinto Ferial. En este espacio, y a lo largo del fin de semana, se desarrollar\u00e1n distintas actividades, como la creaci\u00f3n de \u2018Tiktoks\u2019 sobre movilidad sostenible y divertida, el juego \u2018Guirigame\u2019 de Sitycleta, y dinamizaciones con el bono virtual de Guaguas. El objetivo de estas acciones es fomentar el uso de las bicicletas y patinetas, as\u00ed como del transporte p\u00fablico colectivo y de taxis, a trav\u00e9s del concepto de \u2018conectar\u2019 la ciudad mediante la movilidad sostenible.<\/p>\n<p>El Pabell\u00f3n 5 alberga asimismo todas las empresas relacionadas con los veh\u00edculos de movilidad personal y las bicicletas y la zona \u2018Market\u2019, donde los visitantes podr\u00e1n encontrar productos y servicios que abarcan desde repuestos a seguros, pasando por accesorios personales y bienestar.<\/p>\n<p>La feria cuenta en su sexta edici\u00f3n con <strong>7.200 metros cuadrados de exposici\u00f3n<\/strong>, que ocupa tambi\u00e9n los pabellones 6 y 7 e incluye como gran novedad el <strong>\u2018I Sal\u00f3n de la Moto\u2019<\/strong>, que tiene 28 stands. Adem\u00e1s, Motown cuenta con una zona infantil y con oferta de restauraci\u00f3n de la mano de diversos \u2018foodtrucks\u2019 que est\u00e1n instalados en la zona entre pabellones.<\/p>\n<p>En este espacio se realizar\u00e1n distintas actividades, como los cursos de iniciaci\u00f3n a la conducci\u00f3n (\u2018Mi Primer Experiencia en Moto), concursos, sorteos, circuitos para veh\u00edculos el\u00e9ctricos o \u2018microcars\u2019, pruebas din\u00e1micas de las novedades de las marcas, y exhibiciones. Adem\u00e1s, se podr\u00e1 disfrutar de conciertos \u2013como el de \u2018Doble Malta &amp; Friends\u2019 el viernes o \u2018Belingo pop\u2019 el s\u00e1bado\u2013, presentaciones de nuevos modelos y la entrega de los galardones a \u201cLa Moto del A\u00f1o en Canarias\u201d.<\/p>\n<p>A lo largo de los tres d\u00edas, las personas que se acerquen hasta la Feria de la Moto podr\u00e1n probar y comprar los distintos veh\u00edculos expuestos \u2013no solo motocicletas, sino tambi\u00e9n veh\u00edculos de movilidad personal, como bicicletas o patinetas el\u00e9ctricas\u2013, as\u00ed como una amplia variedad de accesorios, y disfrutar de exposiciones, charlas, talleres y demostraciones.<\/p>\n<p>El <strong>horario de la feria ser\u00e1 el viernes y s\u00e1bado de 10:00 a 20:00<\/strong> \u2013a partir de esa hora se centrar\u00e1 la actividad en la zona de ocio\u2013<strong> y el domingo de 10:00 a 16:00 horas<\/strong>. Las personas que acudan en moto a la LPA Motown 2022 podr\u00e1n aparcar su veh\u00edculo en la entrada principal de Infecar, cuyo parquin estar\u00e1 destinado exclusivamente a las motos. El resto de veh\u00edculos podr\u00e1n aparcar en la zona habitual reservada para coches.<\/p>\n<p>Galer\u00eda fotogr\u00e1fica de la inauguraci\u00f3n: <a href=\"https:\/\/flic.kr\/s\/aHBqjzRFmx\">https:\/\/flic.kr\/s\/aHBqjzRFmx<\/a><\/p>\n<p>Ver <a href=\"https:\/\/youtu.be\/qfEC6OFnK20\">VIDEO RESUMEN de la inauguraci\u00f3n\u00a0<\/a><\/p>\n","protected":false},"excerpt":{"rendered":"<p>Arranca la LPA Motown 2022, la Feria de la Moto y la Movilidad Urbana Sostenible, este viernes 27 de mayo en Infecar. El evento re\u00fane a m\u00e1s de 60 expositores en la gran cita del mundo de la motocicleta. El concejal de Movilidad del Ayuntamiento de Las Palmas de Gran Canaria, Jos\u00e9 Eduardo Ram\u00edrez, acompa\u00f1ado [&hellip;]<\/p>\n","protected":false},"author":4,"featured_media":35967,"comment_status":"closed","ping_status":"closed","sticky":false,"template":"","format":"standard","meta":{"_acf_changed":false,"rs_blank_template":"","rs_page_bg_color":"#ffffff","slide_template_v7":"","footnotes":""},"categories":[1],"tags":[2214,407,1351,2045,116,2046,1759,74],"class_list":["post-35964","post","type-post","status-publish","format-standard","has-post-thumbnail","hentry","category-sin-categoria","tag-6a-lpa-motown","tag-aemoto","tag-ayuntamiento-de-las-palmas-de-gran-canaria","tag-feria-de-la-moto-y-la-movilidad","tag-infecar","tag-lpa-motown2022","tag-mesa-de-la-movilidad","tag-sagulpa"],"acf":[],"_links":{"self":[{"href":"https:\/\/femepa.org\/web\/wp-json\/wp\/v2\/posts\/35964","targetHints":{"allow":["GET"]}}],"collection":[{"href":"https:\/\/femepa.org\/web\/wp-json\/wp\/v2\/posts"}],"about":[{"href":"https:\/\/femepa.org\/web\/wp-json\/wp\/v2\/types\/post"}],"author":[{"embeddable":true,"href":"https:\/\/femepa.org\/web\/wp-json\/wp\/v2\/users\/4"}],"replies":[{"embeddable":true,"href":"https:\/\/femepa.org\/web\/wp-json\/wp\/v2\/comments?post=35964"}],"version-history":[{"count":0,"href":"https:\/\/femepa.org\/web\/wp-json\/wp\/v2\/posts\/35964\/revisions"}],"wp:featuredmedia":[{"embeddable":true,"href":"https:\/\/femepa.org\/web\/wp-json\/wp\/v2\/media\/35967"}],"wp:attachment":[{"href":"https:\/\/femepa.org\/web\/wp-json\/wp\/v2\/media?parent=35964"}],"wp:term":[{"taxonomy":"category","embeddable":true,"href":"https:\/\/femepa.org\/web\/wp-json\/wp\/v2\/categories?post=35964"},{"taxonomy":"post_tag","embeddable":true,"href":"https:\/\/femepa.org\/web\/wp-json\/wp\/v2\/tags?post=35964"}],"curies":[{"name":"wp","href":"https:\/\/api.w.org\/{rel}","templated":true}]}}