{"id":36013,"date":"2022-05-31T13:46:57","date_gmt":"2022-05-31T13:46:57","guid":{"rendered":"https:\/\/femepa.org\/web\/?p=36013"},"modified":"2022-05-31T13:46:57","modified_gmt":"2022-05-31T13:46:57","slug":"finaliza-la-sexta-edicion-de-la-lpamotown-afianzando-su-notoriedad-en-las-palmas","status":"publish","type":"post","link":"https:\/\/femepa.org\/web\/finaliza-la-sexta-edicion-de-la-lpamotown-afianzando-su-notoriedad-en-las-palmas\/","title":{"rendered":"Finaliza la sexta edici\u00f3n de la LPAMotown afianzando su notoriedad en Las Palmas"},"content":{"rendered":"<p>La <strong>Feria de la Moto y la Movilidad Urbana Sostenible<\/strong> celebrada en <strong>INFECAR<\/strong> re\u00fane cerca de <strong>7.000 personas.<br \/>\n<\/strong>Durante los tres d\u00edas, esta fiesta de las 2 y 3 ruedas cont\u00f3 con m\u00e1s de 100 actividades en las que se puso en valor cuestiones como la seguridad vial, las nuevas tendencias en movilidad el\u00e9ctrica o las novedades en el sector de la moto, entre otras. Adem\u00e1s, las pruebas disponibles para el p\u00fablico suscitaron gran inter\u00e9s como los circuitos de patinetas, motos el\u00e9ctricas o motos de carreras.<br \/>\nPara los <strong>m\u00e1s de 60 expositores que formaron parte de la Feria<\/strong>, su presencia en el evento no solo repercuti\u00f3 en las ventas obtenidas durante el fin de semana, sino que sirvi\u00f3 de altavoz para acercarse a un p\u00fablico de clientes potenciales a los que dar a conocer sus productos.<br \/>\nEn palabras de los <strong>organizadores AEMOTO y FEMEPA<\/strong>, consideran un acierto absoluto el cambio de ubicaci\u00f3n llevado a cabo este a\u00f1o lo que, sumado a los dos a\u00f1os de par\u00f3n obligado debido a la situaci\u00f3n sanitaria de la covid-19, ha provocado un \u00e9xito de asistencia.<br \/>\nAgradecemos al <strong>Ayuntamiento de Las Palmas de Gran Canaria<\/strong> y a <strong>Sagulpa<\/strong> por su apoyo en la apuesta firme por la movilidad llevado a cabo en estas \u00faltimas seis ediciones de la LPAMotown.<\/p>\n<p>Enlace al v\u00eddeo de la inauguraci\u00f3n: <a href=\"https:\/\/www.youtube.com\/watch?v=qfEC6OFnK20\">https:\/\/www.youtube.com\/watch?v=qfEC6OFnK20<\/a><\/p>\n<p>Galer\u00eda fotogr\u00e1fica de Flickr: <a href=\"https:\/\/flic.kr\/s\/aHBqjzRFmx\">https:\/\/flic.kr\/s\/aHBqjzRFmx<\/a><\/p>\n","protected":false},"excerpt":{"rendered":"<p>La Feria de la Moto y la Movilidad Urbana Sostenible celebrada en INFECAR re\u00fane cerca de 7.000 personas. Durante los tres d\u00edas, esta fiesta de las 2 y 3 ruedas cont\u00f3 con m\u00e1s de 100 actividades en las que se puso en valor cuestiones como la seguridad vial, las nuevas tendencias en movilidad el\u00e9ctrica o [&hellip;]<\/p>\n","protected":false},"author":4,"featured_media":36016,"comment_status":"closed","ping_status":"closed","sticky":false,"template":"","format":"standard","meta":{"_acf_changed":false,"rs_blank_template":"","rs_page_bg_color":"","slide_template_v7":"","footnotes":""},"categories":[1],"tags":[2214,407,1351,2045,116,2046,1759,74],"class_list":["post-36013","post","type-post","status-publish","format-standard","has-post-thumbnail","hentry","category-sin-categoria","tag-6a-lpa-motown","tag-aemoto","tag-ayuntamiento-de-las-palmas-de-gran-canaria","tag-feria-de-la-moto-y-la-movilidad","tag-infecar","tag-lpa-motown2022","tag-mesa-de-la-movilidad","tag-sagulpa"],"acf":[],"_links":{"self":[{"href":"https:\/\/femepa.org\/web\/wp-json\/wp\/v2\/posts\/36013","targetHints":{"allow":["GET"]}}],"collection":[{"href":"https:\/\/femepa.org\/web\/wp-json\/wp\/v2\/posts"}],"about":[{"href":"https:\/\/femepa.org\/web\/wp-json\/wp\/v2\/types\/post"}],"author":[{"embeddable":true,"href":"https:\/\/femepa.org\/web\/wp-json\/wp\/v2\/users\/4"}],"replies":[{"embeddable":true,"href":"https:\/\/femepa.org\/web\/wp-json\/wp\/v2\/comments?post=36013"}],"version-history":[{"count":0,"href":"https:\/\/femepa.org\/web\/wp-json\/wp\/v2\/posts\/36013\/revisions"}],"wp:featuredmedia":[{"embeddable":true,"href":"https:\/\/femepa.org\/web\/wp-json\/wp\/v2\/media\/36016"}],"wp:attachment":[{"href":"https:\/\/femepa.org\/web\/wp-json\/wp\/v2\/media?parent=36013"}],"wp:term":[{"taxonomy":"category","embeddable":true,"href":"https:\/\/femepa.org\/web\/wp-json\/wp\/v2\/categories?post=36013"},{"taxonomy":"post_tag","embeddable":true,"href":"https:\/\/femepa.org\/web\/wp-json\/wp\/v2\/tags?post=36013"}],"curies":[{"name":"wp","href":"https:\/\/api.w.org\/{rel}","templated":true}]}}