{"id":36218,"date":"2022-06-14T13:01:05","date_gmt":"2022-06-14T13:01:05","guid":{"rendered":"https:\/\/femepa.org\/web\/?p=36218"},"modified":"2022-06-14T13:01:05","modified_gmt":"2022-06-14T13:01:05","slug":"programa-de-emprendimiento-iniciativas-de-la-industria-audiovisual","status":"publish","type":"post","link":"https:\/\/femepa.org\/web\/programa-de-emprendimiento-iniciativas-de-la-industria-audiovisual\/","title":{"rendered":"Programa de Emprendimiento: Iniciativas de la Industria Audiovisual"},"content":{"rendered":"<p><strong>Objeto y finalidad:<\/strong><\/p>\n<p>Este programa tiene por objeto servir como lanzadera de empleo y autoempleo, como impulso a la industria creativa y el sector audiovisual en Canarias, abarcando un servicio de asesoramiento hacia el emprendimiento, totalmente gratuito, webinars, talleres y formaci\u00f3n especializada del sector audiovisual.<\/p>\n<p><strong>Beneficiarios:<\/strong><\/p>\n<ul>\n<li>Personas desempleadas y ocupadas de las Islas de Gran Canaria y Tenerife<\/li>\n<\/ul>\n<p><strong>Acciones dirigidas mediante talleres:<\/strong><\/p>\n<ul>\n<li><b>Informaci\u00f3n sobre el proceso de emprender<\/b>\n<ul>\n<li>Iniciativa Emprendedora<\/li>\n<li>La empresa y su entorno<\/li>\n<li>Creaci\u00f3n y puesta en marcha de una empresa<\/li>\n<li>C\u00f3mo ser aut\u00f3nomo en el sector audiovisual<\/li>\n<\/ul>\n<\/li>\n<\/ul>\n<ul>\n<li><strong>Actuaciones de asesoramiento para el autoempleo y el emprendimiento digital<\/strong>\n<ul>\n<li>El Proceso de emprender<\/li>\n<li>Perfil del emprendedor<\/li>\n<li>Consejos a la hora de emprender, qu\u00e9 no puede faltar<\/li>\n<li>Creaci\u00f3n y puesta en marcha de una empresa<\/li>\n<li>Gesti\u00f3n administrativa b\u00e1sica de una empresa<\/li>\n<li>Plan econ\u00f3mico y financiero<\/li>\n<li>Asesoramiento sobre ayudas a las iniciativas emprendedoras y autoempleo<\/li>\n<li>Tramitaci\u00f3n de los incentivos a la contrataci\u00f3n<\/li>\n<\/ul>\n<\/li>\n<\/ul>\n<ul>\n<li><strong>An\u00e1lisis de la idea y visi\u00f3n de negocio, del modelo de negocio<\/strong>\n<ul>\n<li>An\u00e1lisis de la idea y visi\u00f3n de negocio<\/li>\n<li>Elaboraci\u00f3n del plan de empresa<\/li>\n<li>Simulaci\u00f3n empresarial<\/li>\n<\/ul>\n<\/li>\n<\/ul>\n<ul>\n<li><strong>Asesoramiento sobre ayudas a las iniciativas emprendedoras y de autoempleo, dirigidas al emprendimiento digital<\/strong><\/li>\n<li style=\"list-style-type: none\">\n<ul>\n<li>Asesoramiento y Tutorizaci\u00f3n<\/li>\n<li>Networking y participaci\u00f3n en jornadas<\/li>\n<li>Webinars: Experiencias emprendedoras en el Sector Audiovisual<\/li>\n<li>Webinars: Visi\u00f3n cercana de la cinematograf\u00eda canaria<\/li>\n<\/ul>\n<\/li>\n<\/ul>\n<ul>\n<li><strong>Otras actuaciones dirigidas al fomento y apoyo al emprendimiento y a las microempresas (bono de 200 h&#8217; de formaci\u00f3n)<\/strong><\/li>\n<li style=\"list-style-type: none\">\n<ul>\n<li>Taller de direcci\u00f3n de actores<\/li>\n<li>Sonorizaci\u00f3n de espect\u00e1culos audiovisuales en directo<\/li>\n<li>T\u00e9cnico de imagen DIT (nivel b\u00e1sico)<\/li>\n<li>Ayudante de c\u00e1mara (2AC)<\/li>\n<li>Videoconferencia PRO<\/li>\n<li>Gesti\u00f3n de Proyectos<\/li>\n<li>Aprender a mirar: lectura audiovisual de obras cinematogr\u00e1ficas<\/li>\n<li>Fundamentos b\u00e1sicos de electricidad<\/li>\n<li>Financiaci\u00f3n y preparaci\u00f3n de proyectos cinematogr\u00e1ficos<\/li>\n<li>Marketing relacional y online: dise\u00f1o y promoci\u00f3n de sitios web<\/li>\n<li>Gesti\u00f3n econ\u00f3mica financiera para la toma de decisiones de riesgo<\/li>\n<li>Direcci\u00f3n cinematogr\u00e1fica<\/li>\n<li>El guion cinematogr\u00e1fico: m\u00e1s all\u00e1 de la palabra<\/li>\n<li>Ayudante c\u00e1mara especializado<\/li>\n<li>Sonido en rodaje\/pertiguista<\/li>\n<li>Postproducci\u00f3n<\/li>\n<li>Jefe de producci\u00f3n<\/li>\n<li>Director de arte<\/li>\n<\/ul>\n<\/li>\n<\/ul>\n<p><strong>Lugar de inscripci\u00f3n: <\/strong>Dicho tr\u00e1mite se realizar\u00e1 a trav\u00e9s de este <\/p>\n<p><strong>Para m\u00e1s informaci\u00f3n <\/strong>puede contactar en 828 913 793 o trav\u00e9s de correo electr\u00f3nico a <a href=\"mailto:obdulia.martin@femepa.es\" target=\"_blank\" rel=\"noopener\">yaiza.delrosario@femepa.es<\/a><\/p>\n<p>Programa gestionado por Femepa, ejecutado en colaboraci\u00f3n con el Centro Internacional Polit\u00e9cnico. Proyecto financiado por la Uni\u00f3n Europea, Fondos Next Generation EU y el Ministerio de Educaci\u00f3n y Formaci\u00f3n Profesional del Gobierno de Espa\u00f1a.<\/p>\n<p><a href=\"https:\/\/www.youtube.com\/watch?v=MDBRnnG65Ms&amp;t=150s\" target=\"_blank\" rel=\"noopener\">Escucha nuestra entrevista en Radio Las Palmas<\/a>, en la que presentamos este programa de formaci\u00f3n.<\/p>\n<p>Cartel informativo del curso: <a href=\"http:\/\/kubo.femepa.org\/wp-content\/uploads\/2022\/07\/INICIATIVAS-AUDIOVISUALES_A3_0705.jpg\" target=\"_blank\" rel=\"noopener\">PINCHE AQU\u00cd<\/a>.<\/p>\n","protected":false},"excerpt":{"rendered":"<p>Objeto y finalidad: Este programa tiene por objeto servir como lanzadera de empleo y autoempleo, como impulso a la industria creativa y el sector audiovisual en Canarias, abarcando un servicio de asesoramiento hacia el emprendimiento, totalmente gratuito, webinars, talleres y formaci\u00f3n especializada del sector audiovisual. Beneficiarios: Personas desempleadas y ocupadas de las Islas de Gran [&hellip;]<\/p>\n","protected":false},"author":4,"featured_media":36605,"comment_status":"closed","ping_status":"closed","sticky":false,"template":"","format":"standard","meta":{"_acf_changed":false,"rs_blank_template":"","rs_page_bg_color":"#ffffff","slide_template_v7":"","footnotes":""},"categories":[1],"tags":[2350,690,143,1280,2351],"class_list":["post-36218","post","type-post","status-publish","format-standard","has-post-thumbnail","hentry","category-sin-categoria","tag-cip","tag-cursos-para-desempleados","tag-formacion","tag-ministerio-de-educacion","tag-programa-formativo"],"acf":[],"_links":{"self":[{"href":"https:\/\/femepa.org\/web\/wp-json\/wp\/v2\/posts\/36218","targetHints":{"allow":["GET"]}}],"collection":[{"href":"https:\/\/femepa.org\/web\/wp-json\/wp\/v2\/posts"}],"about":[{"href":"https:\/\/femepa.org\/web\/wp-json\/wp\/v2\/types\/post"}],"author":[{"embeddable":true,"href":"https:\/\/femepa.org\/web\/wp-json\/wp\/v2\/users\/4"}],"replies":[{"embeddable":true,"href":"https:\/\/femepa.org\/web\/wp-json\/wp\/v2\/comments?post=36218"}],"version-history":[{"count":0,"href":"https:\/\/femepa.org\/web\/wp-json\/wp\/v2\/posts\/36218\/revisions"}],"wp:featuredmedia":[{"embeddable":true,"href":"https:\/\/femepa.org\/web\/wp-json\/wp\/v2\/media\/36605"}],"wp:attachment":[{"href":"https:\/\/femepa.org\/web\/wp-json\/wp\/v2\/media?parent=36218"}],"wp:term":[{"taxonomy":"category","embeddable":true,"href":"https:\/\/femepa.org\/web\/wp-json\/wp\/v2\/categories?post=36218"},{"taxonomy":"post_tag","embeddable":true,"href":"https:\/\/femepa.org\/web\/wp-json\/wp\/v2\/tags?post=36218"}],"curies":[{"name":"wp","href":"https:\/\/api.w.org\/{rel}","templated":true}]}}