{"id":36323,"date":"2022-06-21T10:34:52","date_gmt":"2022-06-21T10:34:52","guid":{"rendered":"https:\/\/femepa.org\/web\/?p=36323"},"modified":"2022-06-21T10:34:52","modified_gmt":"2022-06-21T10:34:52","slug":"jornadas-participativas-para-promover-la-economia-circular","status":"publish","type":"post","link":"https:\/\/femepa.org\/web\/jornadas-participativas-para-promover-la-economia-circular\/","title":{"rendered":"Jornadas Participativas para promover la Econom\u00eda Circular"},"content":{"rendered":"<p>Con el objetivo de promover un modelo econ\u00f3mico regenerativo, integral y sist\u00e9mico que sit\u00fae a la isla a la vanguardia de las pol\u00edticas verdes en Canarias, <strong>desde el pr\u00f3ximo lunes 27 de junio hasta el jueves 30<\/strong> se desarrollar\u00e1 en INFECAR las <strong>Jornadas Interactivas para Empresas<\/strong> <strong>\u201cSinergias por una Gran Canaria Circular\u201d<\/strong>.<\/p>\n<p>Aquellas empresas interesadas se podr\u00e1n inscribir en <a href=\"https:\/\/docs.google.com\/forms\/d\/e\/1FAIpQLSch_tfPaZ9c5JghP6bgeh_5PFjZPYzjmzxlr6dntQUgFoeOXg\/viewform\" target=\"_blank\" rel=\"noopener\">este formulario<\/a>, escogiendo su preferencia teniendo en cuenta el d\u00eda y la hora disponible.<\/p>\n<p>Adem\u00e1s, la organizaci\u00f3n de estas Jornadas estar\u00e1 estipulada bajo el <strong>siguiente orden<\/strong>. En primer lugar, se desarrollar\u00e1 una <strong>presentaci\u00f3n del proyecto<\/strong> incidiendo en la problem\u00e1tica actual de la isla en los diferentes \u00e1mbitos de afecci\u00f3n, los beneficios de la Econom\u00eda Circular, as\u00ed como los objetivos que se pretenden alcanzar con la divulgaci\u00f3n de la Estrategia. Seguidamente, se realizar\u00e1 un <strong>diagn\u00f3stico empresarial<\/strong> personalizado a cada uno de los asistentes y, por \u00faltimo, una<strong> mesa de debate<\/strong> para favorecer la creaci\u00f3n de sinergias y oportunidades entre las empresas participantes.<\/p>\n<p>Colabora el Cabildo de Gran Canaria, Eguesan, INFECAR y Consejo Insular de la Energ\u00eda de Gran Canaria.<\/p>\n<p>Encuesta para empresas: <a href=\"https:\/\/docs.google.com\/forms\/d\/e\/1FAIpQLSeCpWauyjPD2Jo2eRmfzYFTWAAtTbr4BLrjCVZIml-vJWAhUw\/viewform\">https:\/\/docs.google.com\/forms\/d\/e\/1FAIpQLSeCpWauyjPD2Jo2eRmfzYFTWAAtTbr4BLrjCVZIml-vJWAhUw\/viewform<\/a><\/p>\n","protected":false},"excerpt":{"rendered":"<p>Con el objetivo de promover un modelo econ\u00f3mico regenerativo, integral y sist\u00e9mico que sit\u00fae a la isla a la vanguardia de las pol\u00edticas verdes en Canarias, desde el pr\u00f3ximo lunes 27 de junio hasta el jueves 30 se desarrollar\u00e1 en INFECAR las Jornadas Interactivas para Empresas \u201cSinergias por una Gran Canaria Circular\u201d. Aquellas empresas interesadas [&hellip;]<\/p>\n","protected":false},"author":4,"featured_media":36328,"comment_status":"closed","ping_status":"closed","sticky":false,"template":"","format":"standard","meta":{"_acf_changed":false,"rs_blank_template":"","rs_page_bg_color":"#ffffff","slide_template_v7":"","footnotes":""},"categories":[1],"tags":[1551,924,1811,97,2356,116,2153],"class_list":["post-36323","post","type-post","status-publish","format-standard","has-post-thumbnail","hentry","category-sin-categoria","tag-agenda-2030","tag-economia-circular","tag-economia-verde","tag-evento","tag-gran-canaria-circular-2030","tag-infecar","tag-jornada-presencial"],"acf":[],"_links":{"self":[{"href":"https:\/\/femepa.org\/web\/wp-json\/wp\/v2\/posts\/36323","targetHints":{"allow":["GET"]}}],"collection":[{"href":"https:\/\/femepa.org\/web\/wp-json\/wp\/v2\/posts"}],"about":[{"href":"https:\/\/femepa.org\/web\/wp-json\/wp\/v2\/types\/post"}],"author":[{"embeddable":true,"href":"https:\/\/femepa.org\/web\/wp-json\/wp\/v2\/users\/4"}],"replies":[{"embeddable":true,"href":"https:\/\/femepa.org\/web\/wp-json\/wp\/v2\/comments?post=36323"}],"version-history":[{"count":0,"href":"https:\/\/femepa.org\/web\/wp-json\/wp\/v2\/posts\/36323\/revisions"}],"wp:featuredmedia":[{"embeddable":true,"href":"https:\/\/femepa.org\/web\/wp-json\/wp\/v2\/media\/36328"}],"wp:attachment":[{"href":"https:\/\/femepa.org\/web\/wp-json\/wp\/v2\/media?parent=36323"}],"wp:term":[{"taxonomy":"category","embeddable":true,"href":"https:\/\/femepa.org\/web\/wp-json\/wp\/v2\/categories?post=36323"},{"taxonomy":"post_tag","embeddable":true,"href":"https:\/\/femepa.org\/web\/wp-json\/wp\/v2\/tags?post=36323"}],"curies":[{"name":"wp","href":"https:\/\/api.w.org\/{rel}","templated":true}]}}