{"id":36593,"date":"2022-07-22T07:18:54","date_gmt":"2022-07-22T07:18:54","guid":{"rendered":"https:\/\/femepa.org\/web\/?p=36593"},"modified":"2022-07-22T07:18:54","modified_gmt":"2022-07-22T07:18:54","slug":"aielpa-organiza-las-jornadas-formativas-sobre-tramites-de-instalaciones-de-baja-tension","status":"publish","type":"post","link":"https:\/\/femepa.org\/web\/aielpa-organiza-las-jornadas-formativas-sobre-tramites-de-instalaciones-de-baja-tension\/","title":{"rendered":"AIELPA organiza las Jornadas formativas sobre tr\u00e1mites de instalaciones de Baja Tensi\u00f3n"},"content":{"rendered":"<p><strong>AIELPA<\/strong> realiz\u00f3, durante esta semana, unas <strong>jornadas t\u00e9cnicas sobre el tr\u00e1mite de puesta en marcha de instalaciones de Baja Tensi\u00f3n ante la Direcci\u00f3n General de Energ\u00eda<\/strong> para sus empresas asociadas.<\/p>\n<p>Durante estas jornadas se trat\u00f3 con detalle c\u00f3mo realizar estos<strong> tr\u00e1mites a trav\u00e9s de la aplicaci\u00f3n del Gobierno de Canarias, con la <\/strong><strong>utilizaci\u00f3n de los nuevos procedimientos<\/strong>, modelos y formatos de documentos t\u00e9cnicos, haciendo hincapi\u00e9 sobre todo en los errores mas frecuentes que se producen en estas gestiones. Como por ejemplo:<\/p>\n<p>&#8211; Recordatorio normativa el\u00e9ctrica en vigor y de aplicaci\u00f3n a las instalaciones el\u00e9ctricas de BT.<br \/>\n&#8211; Presentaci\u00f3n nuevos modelos MTD y certificados vigentes en exclusiva a partir del 15\/07\/2022.<br \/>\n&#8211; Recordatorio tr\u00e1mites previos a realizar con la compa\u00f1\u00eda distribuidora antes de ejecutar una instalaci\u00f3n.<br \/>\n&#8211; Ejemplos pr\u00e1cticos para cumplimentar memorias t\u00e9cnicas y certificados de instalaci\u00f3n el\u00e9ctrica BT.<br \/>\n&#8211; Ejemplos pr\u00e1cticos para cumplimentar memorias t\u00e9cnicas y certificados de instalaci\u00f3n fotovoltaica.<br \/>\n&#8211; Ejemplos pr\u00e1cticos tramitaci\u00f3n telem\u00e1tica en la sede electr\u00f3nica del Gobierno de Canarias.<\/p>\n<p>Estas jornadas se llevaron a cabo el martes en <strong>Gran Canaria<\/strong>, el mi\u00e9rcoles en<strong> Fuerteventura<\/strong> y el jueves en <strong>Lanzarote<\/strong>, aportando as\u00ed toda la informaci\u00f3n a los asociados de la provincia de Las Palmas.<\/p>\n<p>Galer\u00eda fotogr\u00e1fica de las Jornadas: <a href=\"https:\/\/flic.kr\/s\/aHBqjzZ5WY\" target=\"_blank\" rel=\"noopener\">PINCHE AQU\u00cd<\/a>.<\/p>\n","protected":false},"excerpt":{"rendered":"<p>AIELPA realiz\u00f3, durante esta semana, unas jornadas t\u00e9cnicas sobre el tr\u00e1mite de puesta en marcha de instalaciones de Baja Tensi\u00f3n ante la Direcci\u00f3n General de Energ\u00eda para sus empresas asociadas. Durante estas jornadas se trat\u00f3 con detalle c\u00f3mo realizar estos tr\u00e1mites a trav\u00e9s de la aplicaci\u00f3n del Gobierno de Canarias, con la utilizaci\u00f3n de los [&hellip;]<\/p>\n","protected":false},"author":4,"featured_media":36609,"comment_status":"closed","ping_status":"closed","sticky":false,"template":"","format":"standard","meta":{"_acf_changed":false,"rs_blank_template":"","rs_page_bg_color":"","slide_template_v7":"","footnotes":""},"categories":[1],"tags":[125,2372],"class_list":["post-36593","post","type-post","status-publish","format-standard","has-post-thumbnail","hentry","category-sin-categoria","tag-aielpa","tag-jornadas-formativas"],"acf":[],"_links":{"self":[{"href":"https:\/\/femepa.org\/web\/wp-json\/wp\/v2\/posts\/36593","targetHints":{"allow":["GET"]}}],"collection":[{"href":"https:\/\/femepa.org\/web\/wp-json\/wp\/v2\/posts"}],"about":[{"href":"https:\/\/femepa.org\/web\/wp-json\/wp\/v2\/types\/post"}],"author":[{"embeddable":true,"href":"https:\/\/femepa.org\/web\/wp-json\/wp\/v2\/users\/4"}],"replies":[{"embeddable":true,"href":"https:\/\/femepa.org\/web\/wp-json\/wp\/v2\/comments?post=36593"}],"version-history":[{"count":0,"href":"https:\/\/femepa.org\/web\/wp-json\/wp\/v2\/posts\/36593\/revisions"}],"wp:featuredmedia":[{"embeddable":true,"href":"https:\/\/femepa.org\/web\/wp-json\/wp\/v2\/media\/36609"}],"wp:attachment":[{"href":"https:\/\/femepa.org\/web\/wp-json\/wp\/v2\/media?parent=36593"}],"wp:term":[{"taxonomy":"category","embeddable":true,"href":"https:\/\/femepa.org\/web\/wp-json\/wp\/v2\/categories?post=36593"},{"taxonomy":"post_tag","embeddable":true,"href":"https:\/\/femepa.org\/web\/wp-json\/wp\/v2\/tags?post=36593"}],"curies":[{"name":"wp","href":"https:\/\/api.w.org\/{rel}","templated":true}]}}