{"id":36683,"date":"2022-08-10T11:32:02","date_gmt":"2022-08-10T11:32:02","guid":{"rendered":"https:\/\/femepa.org\/web\/?p=36683"},"modified":"2022-08-10T11:32:02","modified_gmt":"2022-08-10T11:32:02","slug":"i-edicion-del-proyecto-progresa-canarias","status":"publish","type":"post","link":"https:\/\/femepa.org\/web\/i-edicion-del-proyecto-progresa-canarias\/","title":{"rendered":"I Edici\u00f3n del Proyecto Progresa Canarias"},"content":{"rendered":"<p>La Confederaci\u00f3n Canaria de Empresarios y CEOE-Tenerife, en colaboraci\u00f3n con el Gobierno de Canarias, CEOE Campus, y el partner acad\u00e9mico ESADE est\u00e1n implantando la\u00a0<b>I Edici\u00f3n del \u201cProyecto Progresa Canarias\u201d.<\/b><\/p>\n<p>Este proyecto contempla un<strong> plan de desarrollo individual para cada participante, totalmente gratuito, dirigido a mujeres<\/strong> que quieran asumir nuevos retos o roles en su carrera profesional.\u00a0Los requisitos m\u00ednimos para participar son:<\/p>\n<p>\u00b7 A partir de 7 a\u00f1os de experiencia profesional<\/p>\n<p>\u00b7 Titulaci\u00f3n superior<\/p>\n<p>\u00b7 Estar desempe\u00f1ando un rol con proyecci\u00f3n, liderazgo e influencia en la organizaci\u00f3n (profesionales que est\u00e1n liderando retos, proyectos, etc.)<\/p>\n<p>\u00b7 Contar con el apoyo de la empresa. Para ello ser\u00e1 necesario remitir la \u201cCarta de apoyo Progresa\u201d adjunta al presente debidamente cumplimentada<\/p>\n<p>\u00b7 Aportar mentor\/a de nivel directivo de la organizaci\u00f3n<\/p>\n<p>Puede\u00a0encontrar <strong>m\u00e1s informaci\u00f3n en el siguiente enlace<\/strong>\u00a0<a id=\"m_-1325504781657790854m_-6273370004537955593LPlnkOWALinkPreview\" href=\"https:\/\/ceoe-tenerife.com\/progresa-canarias\/\" target=\"_blank\" rel=\"noopener\" data-saferedirecturl=\"https:\/\/www.google.com\/url?q=https:\/\/ceoe-tenerife.com\/progresa-canarias\/&amp;source=gmail&amp;ust=1659525390737000&amp;usg=AOvVaw0iYC4yWDjUH_pVAGWrfSAL\" data-cke-saved-href=\"https:\/\/ceoe-tenerife.com\/progresa-canarias\/\">https:\/\/ceoe-tenerife.com\/progresa-canarias\/<\/a>\u00a0o <strong>contactar a trav\u00e9s del correo electr\u00f3nico<\/strong>\u00a0<a href=\"mailto:progresacanarias@ceoe-tenerife.com\" target=\"_blank\" rel=\"noopener\" data-cke-saved-href=\"mailto:progresacanarias@ceoe-tenerife.com\">progresacanarias@ceoe-tenerife.com<\/a><\/p>\n<p><strong>Fechas de desarrollo del programa:<\/strong> desde octubre de 2022 hasta junio de 2023<\/p>\n","protected":false},"excerpt":{"rendered":"<p>La Confederaci\u00f3n Canaria de Empresarios y CEOE-Tenerife, en colaboraci\u00f3n con el Gobierno de Canarias, CEOE Campus, y el partner acad\u00e9mico ESADE est\u00e1n implantando la\u00a0I Edici\u00f3n del \u201cProyecto Progresa Canarias\u201d. Este proyecto contempla un plan de desarrollo individual para cada participante, totalmente gratuito, dirigido a mujeres que quieran asumir nuevos retos o roles en su carrera [&hellip;]<\/p>\n","protected":false},"author":4,"featured_media":36733,"comment_status":"closed","ping_status":"closed","sticky":false,"template":"","format":"standard","meta":{"_acf_changed":false,"rs_blank_template":"","rs_page_bg_color":"","slide_template_v7":"","footnotes":""},"categories":[1],"tags":[1037,272,2377,2365,2338],"class_list":["post-36683","post","type-post","status-publish","format-standard","has-post-thumbnail","hentry","category-sin-categoria","tag-cce","tag-ceoe","tag-desarrollo-profesional","tag-mujeres-empresarias","tag-proyecto-empresarial"],"acf":[],"_links":{"self":[{"href":"https:\/\/femepa.org\/web\/wp-json\/wp\/v2\/posts\/36683","targetHints":{"allow":["GET"]}}],"collection":[{"href":"https:\/\/femepa.org\/web\/wp-json\/wp\/v2\/posts"}],"about":[{"href":"https:\/\/femepa.org\/web\/wp-json\/wp\/v2\/types\/post"}],"author":[{"embeddable":true,"href":"https:\/\/femepa.org\/web\/wp-json\/wp\/v2\/users\/4"}],"replies":[{"embeddable":true,"href":"https:\/\/femepa.org\/web\/wp-json\/wp\/v2\/comments?post=36683"}],"version-history":[{"count":0,"href":"https:\/\/femepa.org\/web\/wp-json\/wp\/v2\/posts\/36683\/revisions"}],"wp:featuredmedia":[{"embeddable":true,"href":"https:\/\/femepa.org\/web\/wp-json\/wp\/v2\/media\/36733"}],"wp:attachment":[{"href":"https:\/\/femepa.org\/web\/wp-json\/wp\/v2\/media?parent=36683"}],"wp:term":[{"taxonomy":"category","embeddable":true,"href":"https:\/\/femepa.org\/web\/wp-json\/wp\/v2\/categories?post=36683"},{"taxonomy":"post_tag","embeddable":true,"href":"https:\/\/femepa.org\/web\/wp-json\/wp\/v2\/tags?post=36683"}],"curies":[{"name":"wp","href":"https:\/\/api.w.org\/{rel}","templated":true}]}}