{"id":37580,"date":"2022-10-28T12:18:54","date_gmt":"2022-10-28T11:18:54","guid":{"rendered":"https:\/\/femepa.org\/web\/?p=37580"},"modified":"2022-10-28T12:18:54","modified_gmt":"2022-10-28T11:18:54","slug":"se-reactiva-la-participacion-presencial-con-la-semana-europea","status":"publish","type":"post","link":"https:\/\/femepa.org\/web\/se-reactiva-la-participacion-presencial-con-la-semana-europea\/","title":{"rendered":"Se reactiva la participaci\u00f3n presencial con la Semana Europea"},"content":{"rendered":"<p>Gran afluencia de p\u00fablico presencial en el evento realizado en la sala de juntas de Femepa en colaboraci\u00f3n con el Gobierno de Canarias, el Minsterio de Trabajo y Asuntos Sociales, Inspecci\u00f3n de Trabajo y Seguridad Social ITSS, la Confederaci\u00f3n Sindical de Comisiones Obreras CCOO, Sindicato de Uni\u00f3n General de Trabajadores UGT, CANARY ROPE ACCESS SOLUTIONS, QUIR\u00d3N PREVENCI\u00d3N e ICASEL.<\/p>\n<p>Estuvo enfocado en la concienciaci\u00f3n de los trastornos musculoesquel\u00e9ticos, donde participaron <strong>Alejandro Ramos Guerra<\/strong>; director general de trabajo del Gobierno de Canarias,<strong> Juan Carlos Betancor Garc\u00eda<\/strong>; Secretario General de FEMEPA, <strong>Olga Hern\u00e1ndez S\u00e1nchez<\/strong>; Coordinadora de Formaci\u00f3n y Reacci\u00f3n al Fuego de ICASEL, <strong>Arecio Vega Ram\u00edrez<\/strong>; responsable de OTPRL de Femepa,<strong> Benigno L\u00f3pez Mart\u00edn<\/strong>; Coordinador de Ergonom\u00eda y Psicosociolog\u00eda Aplicada en ICASEL Las Palmas, <strong>Bernardo D\u00edaz Almeida<\/strong>; t\u00e9cnico superior del Instituto Canario de Seguridad Laboral de ICASEL, <strong>Luc\u00eda Enr\u00edquez S\u00e1nchez<\/strong>; jefa de Unidad Especializada de Seguridad y Salud de la Inspecci\u00f3n de Trabajo y Seguridad Social ITSS, <strong>Mar\u00eda Auxiliadora Su\u00e1rez Herrera<\/strong>; responsable Calidad, Prevenci\u00f3n y Medio Ambiente CANARY ROPE ACCESS SOLUTIONS, <strong>Evilio Bueno Trompeta<\/strong>; especialista de Ergonom\u00eda en QUIR\u00d3N PREVENCI\u00d3N,<strong> Elirerto Galv\u00e1n Fern\u00e1ndez<\/strong>; Director de ICASEL, <strong>Victor Toledo Garc\u00eda<\/strong> de\u00a0 CCOO y <strong>Raqu\u00e9l L\u00f3pez Su\u00e1rez<\/strong> del\u00a0 UGT.<\/p>\n<p>&nbsp;<\/p>\n<p>Puedes ver y descargar el repositorio &gt;&gt; <\/p>\n<p>Puedes ver la grabaci\u00f3n del evento &gt;&gt; <\/p>\n","protected":false},"excerpt":{"rendered":"<p>Gran afluencia de p\u00fablico presencial en el evento realizado en la sala de juntas de Femepa en colaboraci\u00f3n con el Gobierno de Canarias, el Minsterio de Trabajo y Asuntos Sociales, Inspecci\u00f3n de Trabajo y Seguridad Social ITSS, la Confederaci\u00f3n Sindical de Comisiones Obreras CCOO, Sindicato de Uni\u00f3n General de Trabajadores UGT, CANARY ROPE ACCESS SOLUTIONS, [&hellip;]<\/p>\n","protected":false},"author":4,"featured_media":37581,"comment_status":"closed","ping_status":"closed","sticky":false,"template":"","format":"standard","meta":{"_acf_changed":false,"rs_blank_template":"","rs_page_bg_color":"","slide_template_v7":"","footnotes":""},"categories":[1],"tags":[2418,1104,2419,1072,2420,2421,2422,2423,2115,2413,1558,2424],"class_list":["post-37580","post","type-post","status-publish","format-standard","has-post-thumbnail","hentry","category-sin-categoria","tag-canary-rope-access-solutions","tag-ccoo","tag-confederacion-sindical-de-comisiones-obreras","tag-icasel","tag-inspeccion-de-trabajo-y-seguridad-social","tag-itss","tag-minsterio-de-trabajo-y-asuntos-sociales","tag-quiron-prevencion","tag-semana-europea-de-la-seguridad-y-salud-en-el-trabajo","tag-trastornos-musculoesqueleticos","tag-ugt","tag-union-general-de-trabajadores"],"acf":[],"_links":{"self":[{"href":"https:\/\/femepa.org\/web\/wp-json\/wp\/v2\/posts\/37580","targetHints":{"allow":["GET"]}}],"collection":[{"href":"https:\/\/femepa.org\/web\/wp-json\/wp\/v2\/posts"}],"about":[{"href":"https:\/\/femepa.org\/web\/wp-json\/wp\/v2\/types\/post"}],"author":[{"embeddable":true,"href":"https:\/\/femepa.org\/web\/wp-json\/wp\/v2\/users\/4"}],"replies":[{"embeddable":true,"href":"https:\/\/femepa.org\/web\/wp-json\/wp\/v2\/comments?post=37580"}],"version-history":[{"count":0,"href":"https:\/\/femepa.org\/web\/wp-json\/wp\/v2\/posts\/37580\/revisions"}],"wp:featuredmedia":[{"embeddable":true,"href":"https:\/\/femepa.org\/web\/wp-json\/wp\/v2\/media\/37581"}],"wp:attachment":[{"href":"https:\/\/femepa.org\/web\/wp-json\/wp\/v2\/media?parent=37580"}],"wp:term":[{"taxonomy":"category","embeddable":true,"href":"https:\/\/femepa.org\/web\/wp-json\/wp\/v2\/categories?post=37580"},{"taxonomy":"post_tag","embeddable":true,"href":"https:\/\/femepa.org\/web\/wp-json\/wp\/v2\/tags?post=37580"}],"curies":[{"name":"wp","href":"https:\/\/api.w.org\/{rel}","templated":true}]}}