{"id":37670,"date":"2022-11-07T14:50:22","date_gmt":"2022-11-07T14:50:22","guid":{"rendered":"https:\/\/femepa.org\/web\/?p=37670"},"modified":"2022-11-07T14:50:22","modified_gmt":"2022-11-07T14:50:22","slug":"vicente-marrero-ha-sido-elegido-vicepresidente-del-consejo-economico-y-social-de-canarias","status":"publish","type":"post","link":"https:\/\/femepa.org\/web\/vicente-marrero-ha-sido-elegido-vicepresidente-del-consejo-economico-y-social-de-canarias\/","title":{"rendered":"Vicente Marrero ha sido elegido vicepresidente del Consejo Econ\u00f3mico y Social de Canarias"},"content":{"rendered":"<p>Vicente Marrero Dom\u00ednguez, presidente de Femepa, ha sido nombrado vicepresidente del Consejo Econ\u00f3mico y Social de Canarias a propuesta de las organizaciones empresariales m\u00e1s representativas en Canarias. El nombramiento queda recogido en el <a href=\"http:\/\/www.gobiernodecanarias.org\/boc\/2022\/212\/002.html\">BOC 2022\/212<\/a>.<\/p>\n<p class=\"sc-hrWEMg jeoOTJ\">El Consejo Econ\u00f3mico y Social de Canarias, presidido por Jos\u00e9 Carlos Francisco D\u00edaz , despliega su actividad en los inicios de la definici\u00f3n de la voluntad pol\u00edtica del Gobierno de Canarias (las pol\u00edticas p\u00fablicas con contenido econ\u00f3mico, social y laboral) mediante la formulaci\u00f3n de dict\u00e1menes e informes sobre tales materias.<\/p>\n<p class=\"sc-hrWEMg jeoOTJ\">De acuerdo con su\u00a0<em>Ley de creaci\u00f3n<\/em>, el CES ejerce sus funciones mediante la emisi\u00f3n de informes y dict\u00e1menes; as\u00ed:<\/p>\n<ol class=\"sc-cLQEGU eSsVGH\" type=\"a\">\n<li class=\"sc-gisBJw ifAjfo\">Emite informes y dict\u00e1menes previos sobre los anteproyectos de Ley y los planes del Gobierno en materia econ\u00f3mica, social y laboral, con excepci\u00f3n del anteproyecto de\u00a0<em>Ley de Presupuestos Generales de la Comunidad Aut\u00f3noma<\/em>.<\/li>\n<li class=\"sc-gisBJw ifAjfo\">Emite dict\u00e1menes e informes previos en relaci\u00f3n con los anteproyectos de Ley y proyectos de disposiciones administrativas que se refieran a la organizaci\u00f3n, competencias y funcionamiento del propio Consejo.<\/li>\n<li class=\"sc-gisBJw ifAjfo\">Emite los informes y dict\u00e1menes que, en las materias econ\u00f3micas, sociales y laborales, le solicite, facultativamente, el Gobierno de Canarias.<\/li>\n<li class=\"sc-gisBJw ifAjfo\">Emite informes y dict\u00e1menes por iniciativa propia sobre materias que considere de su inter\u00e9s, en los terrenos econ\u00f3micos, sociales y laborales.<\/li>\n<li class=\"sc-gisBJw ifAjfo\">Elabora y hace p\u00fablico un\u00a0<em>Informe Anual sobre la Situaci\u00f3n Econ\u00f3mica, Social y Laboral de la Comunidad Aut\u00f3noma de Canarias<\/em>.<\/li>\n<li class=\"sc-gisBJw ifAjfo\">Regula el propio r\u00e9gimen interior de organizaci\u00f3n y funcionamiento del Consejo.<\/li>\n<\/ol>\n<p>&nbsp;<\/p>\n","protected":false},"excerpt":{"rendered":"<p>Vicente Marrero Dom\u00ednguez, presidente de Femepa, ha sido nombrado vicepresidente del Consejo Econ\u00f3mico y Social de Canarias a propuesta de las organizaciones empresariales m\u00e1s representativas en Canarias. El nombramiento queda recogido en el BOC 2022\/212. El Consejo Econ\u00f3mico y Social de Canarias, presidido por Jos\u00e9 Carlos Francisco D\u00edaz , despliega su actividad en los inicios [&hellip;]<\/p>\n","protected":false},"author":4,"featured_media":37692,"comment_status":"closed","ping_status":"closed","sticky":false,"template":"","format":"standard","meta":{"_acf_changed":false,"rs_blank_template":"","rs_page_bg_color":"","slide_template_v7":"","footnotes":""},"categories":[1],"tags":[2429,2430,137],"class_list":["post-37670","post","type-post","status-publish","format-standard","has-post-thumbnail","hentry","category-sin-categoria","tag-ces-canarias","tag-consejo-economico-y-social-de-canarias","tag-vicente-marrero"],"acf":[],"_links":{"self":[{"href":"https:\/\/femepa.org\/web\/wp-json\/wp\/v2\/posts\/37670","targetHints":{"allow":["GET"]}}],"collection":[{"href":"https:\/\/femepa.org\/web\/wp-json\/wp\/v2\/posts"}],"about":[{"href":"https:\/\/femepa.org\/web\/wp-json\/wp\/v2\/types\/post"}],"author":[{"embeddable":true,"href":"https:\/\/femepa.org\/web\/wp-json\/wp\/v2\/users\/4"}],"replies":[{"embeddable":true,"href":"https:\/\/femepa.org\/web\/wp-json\/wp\/v2\/comments?post=37670"}],"version-history":[{"count":0,"href":"https:\/\/femepa.org\/web\/wp-json\/wp\/v2\/posts\/37670\/revisions"}],"wp:featuredmedia":[{"embeddable":true,"href":"https:\/\/femepa.org\/web\/wp-json\/wp\/v2\/media\/37692"}],"wp:attachment":[{"href":"https:\/\/femepa.org\/web\/wp-json\/wp\/v2\/media?parent=37670"}],"wp:term":[{"taxonomy":"category","embeddable":true,"href":"https:\/\/femepa.org\/web\/wp-json\/wp\/v2\/categories?post=37670"},{"taxonomy":"post_tag","embeddable":true,"href":"https:\/\/femepa.org\/web\/wp-json\/wp\/v2\/tags?post=37670"}],"curies":[{"name":"wp","href":"https:\/\/api.w.org\/{rel}","templated":true}]}}