{"id":37719,"date":"2022-11-09T19:38:16","date_gmt":"2022-11-09T19:38:16","guid":{"rendered":"https:\/\/femepa.org\/web\/?p=37719"},"modified":"2022-11-09T19:38:16","modified_gmt":"2022-11-09T19:38:16","slug":"femepa-participa-junto-con-aielpa-aserpa-y-cafongas-en-la-feria-de-canagua-y-energia","status":"publish","type":"post","link":"https:\/\/femepa.org\/web\/femepa-participa-junto-con-aielpa-aserpa-y-cafongas-en-la-feria-de-canagua-y-energia\/","title":{"rendered":"FEMEPA participa junto con AIELPA, ASERPA y CAFONGAS en la feria de Canagua y Energ\u00eda"},"content":{"rendered":"<p>El sector de las instalaciones el\u00e9ctricas, las energ\u00edas renovables y la fontaner\u00eda de Las Palmas estar\u00e1n en la feria de Canagua y Energ\u00eda. La participaci\u00f3n en esta feria ayudar\u00e1 a potenciar y promocionar sectores claves de la industria isle\u00f1a<\/p>\n<p>La Asociaci\u00f3n provincial de Industriales de la Electricidad y Telecomunicaciones de Las Palmas\u00a0(<b>AIELPA<\/b>), la Asociaci\u00f3n de empresas de Energ\u00edas Renovables de Las Palmas (<b>ASERPA<\/b>) y la Asociaci\u00f3n Provincial de Empresarios Instaladores de Fontaner\u00eda, Calefacci\u00f3n y G.L.P. de Las Palmas (<b>CAFONGAS<\/b>) integradas en FEMEPA, tendr\u00e1n su representaci\u00f3n en una de las ferias del sector m\u00e1s importantes del a\u00f1o y estar\u00e1n en el Stand A8 de <strong>FEMEPA<\/strong> en INFECAR del 9 al 11 de noviembre, de 10:00 a 19:00 horas\u00a0en INFECAR<\/p>\n<p>La experiencia de las\u00a0Islas Canarias\u00a0constituye un modelo de desarrollo exportable, mediante soluciones a peque\u00f1a y mediana escala, para el resto del planeta a trav\u00e9s de la destreza en el ciclo integral del agua y en el aprovechamiento de las energ\u00edas limpias.<\/p>\n<p>La Feria Internacional\u00a0Canagua y Energ\u00eda\u00a02022, ya en su 13\u00ba edici\u00f3n, ser\u00e1 la feria de referencia del sector de las renovables y del agua en Canarias de la que Femepa formar\u00e1 parte para de esta manera dar una mayor visibilidad a sus asociados y as\u00ed potenciar su presencia en el mercado canario.<\/p>\n<p>Consigue tu entrada en &gt;&gt; <a href=\"https:\/\/canagua.es\/visitantes\">AQU\u00cd<\/a><\/p>\n<p>M\u00e1s informaci\u00f3n &gt;&gt; <a href=\"https:\/\/canagua.es\/\">AQU\u00cd<\/a><\/p>\n","protected":false},"excerpt":{"rendered":"<p>El sector de las instalaciones el\u00e9ctricas, las energ\u00edas renovables y la fontaner\u00eda de Las Palmas estar\u00e1n en la feria de Canagua y Energ\u00eda. La participaci\u00f3n en esta feria ayudar\u00e1 a potenciar y promocionar sectores claves de la industria isle\u00f1a La Asociaci\u00f3n provincial de Industriales de la Electricidad y Telecomunicaciones de Las Palmas\u00a0(AIELPA), la Asociaci\u00f3n de [&hellip;]<\/p>\n","protected":false},"author":4,"featured_media":37747,"comment_status":"closed","ping_status":"closed","sticky":false,"template":"","format":"standard","meta":{"_acf_changed":false,"rs_blank_template":"","rs_page_bg_color":"","slide_template_v7":"","footnotes":""},"categories":[1],"tags":[125,93,126,287,2439,116],"class_list":["post-37719","post","type-post","status-publish","format-standard","has-post-thumbnail","hentry","category-sin-categoria","tag-aielpa","tag-aserpa","tag-cafongas","tag-canagua","tag-canagua-y-energia-2022","tag-infecar"],"acf":[],"_links":{"self":[{"href":"https:\/\/femepa.org\/web\/wp-json\/wp\/v2\/posts\/37719","targetHints":{"allow":["GET"]}}],"collection":[{"href":"https:\/\/femepa.org\/web\/wp-json\/wp\/v2\/posts"}],"about":[{"href":"https:\/\/femepa.org\/web\/wp-json\/wp\/v2\/types\/post"}],"author":[{"embeddable":true,"href":"https:\/\/femepa.org\/web\/wp-json\/wp\/v2\/users\/4"}],"replies":[{"embeddable":true,"href":"https:\/\/femepa.org\/web\/wp-json\/wp\/v2\/comments?post=37719"}],"version-history":[{"count":0,"href":"https:\/\/femepa.org\/web\/wp-json\/wp\/v2\/posts\/37719\/revisions"}],"wp:featuredmedia":[{"embeddable":true,"href":"https:\/\/femepa.org\/web\/wp-json\/wp\/v2\/media\/37747"}],"wp:attachment":[{"href":"https:\/\/femepa.org\/web\/wp-json\/wp\/v2\/media?parent=37719"}],"wp:term":[{"taxonomy":"category","embeddable":true,"href":"https:\/\/femepa.org\/web\/wp-json\/wp\/v2\/categories?post=37719"},{"taxonomy":"post_tag","embeddable":true,"href":"https:\/\/femepa.org\/web\/wp-json\/wp\/v2\/tags?post=37719"}],"curies":[{"name":"wp","href":"https:\/\/api.w.org\/{rel}","templated":true}]}}