{"id":37809,"date":"2022-11-18T19:47:35","date_gmt":"2022-11-18T19:47:35","guid":{"rendered":"https:\/\/femepa.org\/web\/?p=37809"},"modified":"2022-11-18T19:47:35","modified_gmt":"2022-11-18T19:47:35","slug":"transformacion-digital-su-importancia-en-los-sectores-del-metal-y-la-construccion","status":"publish","type":"post","link":"https:\/\/femepa.org\/web\/transformacion-digital-su-importancia-en-los-sectores-del-metal-y-la-construccion\/","title":{"rendered":"Evento de Transformaci\u00f3n Digital entre Femepa y la Fundaci\u00f3n Laboral de la Construcci\u00f3n"},"content":{"rendered":"<p>El 18 de noviembre se celebr\u00f3 un evento colaborativo entre los <b>Centros CIDE Digital<\/b> de <b>Femepa <\/b>y la <b>Fundaci\u00f3n Laboral de la Construcci\u00f3n<\/b> en el sal\u00f3n de actos de la C\u00e1mara de Comercio de Gran Canaria, \u00a0en la que se han tratados aspectos relacionados con la <b>Transformaci\u00f3n Digital<\/b>. Esta jornada busca la digitalizaci\u00f3n de las empresas puesto que supone uno de los vectores principales para la mejora de su competitividad. \u00a0Ha sido una jornada enfocada en la digitalizaci\u00f3n empresarial real, foment\u00e1ndola en cuestiones claves como la ciberseguridad, el servicio empresarial o la robotizaci\u00f3n de procesos, dando a conocer todas las ayudas vigentes, tanto por el gobierno de Espa\u00f1a como por el KIT DIGITAL y la Agencia Canaria de Investigaci\u00f3n, Innovaci\u00f3n y Sociedad de la Informaci\u00f3n (ACIISI).<\/p>\n<p>Tanto el sector de la construcci\u00f3n como el del metal, est\u00e1n inmersos en la transformaci\u00f3n digital y tienen como vocaci\u00f3n desarrollar su actividad en t\u00e9rminos de sostenibilidad, de especializaci\u00f3n y de innovaci\u00f3n, buscando convertirse en una marca que sea capaz de visibilizar la capacidad de vertebraci\u00f3n social y econ\u00f3mica.<\/p>\n<p>Este evento estuvo moderado por <strong>Presen Sim\u00f3n<\/strong> y cont\u00f3 con la asistencia de <strong>Mar\u00eda de la Salud Gil<\/strong>, presidenta AECPLPA; <strong>Jorge Velasco,<\/strong> vicepresidente de la Federaci\u00f3n Provincial de la Peque\u00f1a y Mediana Empresa del Metal y las Nuevas Tecnolog\u00edas de Las Palmas (FEMEPA); <b>Carlos Navarro<\/b>, director de la Agencia Canaria de Investigaci\u00f3n, Innovaci\u00f3n y Sociedad de la Informaci\u00f3n (ACIISI); <strong>Juan Alberto Mirabal<\/strong>, t\u00e9cnico de Sistemas de Informaci\u00f3n en Astilleros Canarios S.A. (ASTICAN); <strong>Jos\u00e9 L\u00f3pez<\/strong>, director IT\/ Sistema en Maresa Log\u00edstica (MARESA); N\u00e9stor Alem\u00e1n, responsable de proyectos Grupo Satocan (SATOCAN); <strong>Domingo Lorenzo<\/strong>, ingeniero jefe en Dofer Ingenier\u00eda (DOFER); <strong>Daniel Lorenzo<\/strong>, fundador y CEO de Evoluti\u00f3n Construction Systems (EVOCONS); <strong>Carlos Alonso<\/strong>, responsable del equipo virtual y 3D de Videoreport Canarias (VIDEOREPORT) y <strong>Tomas Herrera<\/strong>, director t\u00e9cnico en AEROLASER SYSTEM SL (AEROLASER).<\/p>\n<p>Ver Videorresumen &gt;&gt; <\/p>\n<p>Ver Webinario &gt;&gt; <\/p>\n<p>Ver Galer\u00eda &gt;&gt; <\/p>\n<p><img fetchpriority=\"high\" decoding=\"async\" class=\"aligncenter wp-image-37112 size-full\" src=\"http:\/\/kubo.femepa.org\/wp-content\/uploads\/2022\/09\/Logos-Red-CIDE-Digital-1.png\" alt=\"\" width=\"1441\" height=\"131\" srcset=\"https:\/\/femepa.org\/web\/wp-content\/uploads\/2022\/09\/Logos-Red-CIDE-Digital-1.png 1441w, https:\/\/femepa.org\/web\/wp-content\/uploads\/2022\/09\/Logos-Red-CIDE-Digital-1-300x27.png 300w, https:\/\/femepa.org\/web\/wp-content\/uploads\/2022\/09\/Logos-Red-CIDE-Digital-1-1024x93.png 1024w, https:\/\/femepa.org\/web\/wp-content\/uploads\/2022\/09\/Logos-Red-CIDE-Digital-1-768x70.png 768w, https:\/\/femepa.org\/web\/wp-content\/uploads\/2022\/09\/Logos-Red-CIDE-Digital-1-600x55.png 600w\" sizes=\"(max-width: 1441px) 100vw, 1441px\" \/><\/p>\n<h6><em>&#8220;La Red CIDE es una iniciativa de la Consejer\u00eda de Econom\u00eda, Industria, Comercio y Conocimiento del Gobierno de Canarias, impulsada a trav\u00e9s de la Agencia Canaria de Investigaci\u00f3n, Innovaci\u00f3n y Sociedad de la Informaci\u00f3n (ACIISI), y cofinanciada por el Fondo Europeo de Desarrollo Regional, con una tasa de cofinanciaci\u00f3n del 85% en el marco del Programa Operativo FEDER Canarias 2014-2020&#8221;.<\/em><\/h6>\n","protected":false},"excerpt":{"rendered":"<p>El 18 de noviembre se celebr\u00f3 un evento colaborativo entre los Centros CIDE Digital de Femepa y la Fundaci\u00f3n Laboral de la Construcci\u00f3n en el sal\u00f3n de actos de la C\u00e1mara de Comercio de Gran Canaria, \u00a0en la que se han tratados aspectos relacionados con la Transformaci\u00f3n Digital. Esta jornada busca la digitalizaci\u00f3n de las [&hellip;]<\/p>\n","protected":false},"author":4,"featured_media":37810,"comment_status":"closed","ping_status":"closed","sticky":false,"template":"","format":"standard","meta":{"_acf_changed":false,"rs_blank_template":"","rs_page_bg_color":"","slide_template_v7":"","footnotes":""},"categories":[1],"tags":[2437,301],"class_list":["post-37809","post","type-post","status-publish","format-standard","has-post-thumbnail","hentry","category-sin-categoria","tag-fundacion-laboral-de-la-construccion","tag-transformacion-digital"],"acf":[],"_links":{"self":[{"href":"https:\/\/femepa.org\/web\/wp-json\/wp\/v2\/posts\/37809","targetHints":{"allow":["GET"]}}],"collection":[{"href":"https:\/\/femepa.org\/web\/wp-json\/wp\/v2\/posts"}],"about":[{"href":"https:\/\/femepa.org\/web\/wp-json\/wp\/v2\/types\/post"}],"author":[{"embeddable":true,"href":"https:\/\/femepa.org\/web\/wp-json\/wp\/v2\/users\/4"}],"replies":[{"embeddable":true,"href":"https:\/\/femepa.org\/web\/wp-json\/wp\/v2\/comments?post=37809"}],"version-history":[{"count":0,"href":"https:\/\/femepa.org\/web\/wp-json\/wp\/v2\/posts\/37809\/revisions"}],"wp:featuredmedia":[{"embeddable":true,"href":"https:\/\/femepa.org\/web\/wp-json\/wp\/v2\/media\/37810"}],"wp:attachment":[{"href":"https:\/\/femepa.org\/web\/wp-json\/wp\/v2\/media?parent=37809"}],"wp:term":[{"taxonomy":"category","embeddable":true,"href":"https:\/\/femepa.org\/web\/wp-json\/wp\/v2\/categories?post=37809"},{"taxonomy":"post_tag","embeddable":true,"href":"https:\/\/femepa.org\/web\/wp-json\/wp\/v2\/tags?post=37809"}],"curies":[{"name":"wp","href":"https:\/\/api.w.org\/{rel}","templated":true}]}}