{"id":37992,"date":"2022-12-12T12:45:00","date_gmt":"2022-12-12T12:45:00","guid":{"rendered":"https:\/\/femepa.org\/web\/?p=37992"},"modified":"2024-08-29T20:27:08","modified_gmt":"2024-08-29T19:27:08","slug":"el-sector-aeronautico-y-aeroespacial-fue-protagonista-en-el-debate-de-la-1","status":"publish","type":"post","link":"https:\/\/femepa.org\/web\/el-sector-aeronautico-y-aeroespacial-fue-protagonista-en-el-debate-de-la-1\/","title":{"rendered":"El sector Aeron\u00e1utico y Aeroespacial fue protagonista en el Debate de la 1"},"content":{"rendered":"<p>Canarias aspira a ser sede de la Agencia Espacial Espa\u00f1ola junto a 20 Comunidades Aut\u00f3nomas, la decisi\u00f3n esta en manos del consejo de ministros y se conocer\u00e1 previsiblemente el pr\u00f3ximo martes.<\/p>\n<p>El pasado 1 de diciembre, se llev\u00f3 a cabo El Debate de la 1 donde trataron numerosos aspectos relacionado con la candidatura de Canarias junto al impacto que supondr\u00eda econ\u00f3micamente para las islas y las posibilidades de salir seleccionadas.<\/p>\n<p>Ver la retransmisi\u00f3n &gt;&gt; <\/p>\n","protected":false},"excerpt":{"rendered":"<p>Canarias aspira a ser sede de la Agencia Espacial Espa\u00f1ola junto a 20 Comunidades Aut\u00f3nomas, la decisi\u00f3n esta en manos del consejo de ministros y se conocer\u00e1 previsiblemente el pr\u00f3ximo martes. El pasado 1 de diciembre, se llev\u00f3 a cabo El Debate de la 1 donde trataron numerosos aspectos relacionado con la candidatura de Canarias [&hellip;]<\/p>\n","protected":false},"author":4,"featured_media":37993,"comment_status":"closed","ping_status":"closed","sticky":false,"template":"","format":"standard","meta":{"_acf_changed":false,"rs_blank_template":"","rs_page_bg_color":"","slide_template_v7":"","footnotes":""},"categories":[3198,3201],"tags":[2004,2005,2482],"class_list":["post-37992","post","type-post","status-publish","format-standard","has-post-thumbnail","hentry","category-3198","category-archivados","tag-aeroespacial","tag-aeronautico","tag-agencia-espacial-espanola"],"acf":[],"_links":{"self":[{"href":"https:\/\/femepa.org\/web\/wp-json\/wp\/v2\/posts\/37992","targetHints":{"allow":["GET"]}}],"collection":[{"href":"https:\/\/femepa.org\/web\/wp-json\/wp\/v2\/posts"}],"about":[{"href":"https:\/\/femepa.org\/web\/wp-json\/wp\/v2\/types\/post"}],"author":[{"embeddable":true,"href":"https:\/\/femepa.org\/web\/wp-json\/wp\/v2\/users\/4"}],"replies":[{"embeddable":true,"href":"https:\/\/femepa.org\/web\/wp-json\/wp\/v2\/comments?post=37992"}],"version-history":[{"count":1,"href":"https:\/\/femepa.org\/web\/wp-json\/wp\/v2\/posts\/37992\/revisions"}],"predecessor-version":[{"id":46117,"href":"https:\/\/femepa.org\/web\/wp-json\/wp\/v2\/posts\/37992\/revisions\/46117"}],"wp:featuredmedia":[{"embeddable":true,"href":"https:\/\/femepa.org\/web\/wp-json\/wp\/v2\/media\/37993"}],"wp:attachment":[{"href":"https:\/\/femepa.org\/web\/wp-json\/wp\/v2\/media?parent=37992"}],"wp:term":[{"taxonomy":"category","embeddable":true,"href":"https:\/\/femepa.org\/web\/wp-json\/wp\/v2\/categories?post=37992"},{"taxonomy":"post_tag","embeddable":true,"href":"https:\/\/femepa.org\/web\/wp-json\/wp\/v2\/tags?post=37992"}],"curies":[{"name":"wp","href":"https:\/\/api.w.org\/{rel}","templated":true}]}}