{"id":38027,"date":"2022-12-16T13:03:10","date_gmt":"2022-12-16T13:03:10","guid":{"rendered":"https:\/\/femepa.org\/web\/?p=38027"},"modified":"2024-08-29T20:27:08","modified_gmt":"2024-08-29T19:27:08","slug":"calendario-laboral-2023","status":"publish","type":"post","link":"https:\/\/femepa.org\/web\/calendario-laboral-2023\/","title":{"rendered":"Disponible el Calendario Laboral 2023"},"content":{"rendered":"<p>Desde Femepa comunicamos que, en el BOC n\u00fam. 242, de 12\/12\/2022, se ha publicado la <a href=\"http:\/\/www.gobiernodecanarias.org\/boc\/2022\/242\/002.html\">Orden de 25 de noviembre de 2022, de la Consejer\u00eda de Econom\u00eda, Conocimiento y Empleo<\/a>, por la que se determinan las<strong> Fiestas Locales propias de cada Municipio de la Comunidad Aut\u00f3noma de Canarias para el a\u00f1o 2023.<\/strong><\/p>\n<p>Con la citada publicaci\u00f3n, se ha\u00a0<strong>completado el Calendario Laboral para 2023<\/strong>, cuyo marco regulatorio queda conformado por las siguientes disposiciones normativas:<\/p>\n<ul>\n<li><a href=\"https:\/\/femepa.org\/web\/wp-content\/uploads\/2022\/12\/BOE-CALENDARIO-DE-FESTIVOS-LABORALES.pdf\">Relaci\u00f3n de Fiestas Laborales para el a\u00f1o 2023<\/a><\/li>\n<li><a href=\"http:\/\/www.gobiernodecanarias.org\/boc\/2022\/137\/001.html\">Calendario de Fiestas Laborales de la C.A. de Canarias para 2023<\/a><\/li>\n<li><a href=\"http:\/\/www.gobiernodecanarias.org\/boc\/2022\/242\/002.html\">Fiestas Locales de cada municipio de la C.A. de Canarias para 2023<\/a><\/li>\n<\/ul>\n<p>Para ello, desde Femepa hemos elaborado un\u00a0<strong>calendario en PDF<\/strong>\u00a0para que puedas descargar e imprimir.\u00a0<a href=\"https:\/\/femepa.org\/web\/wp-content\/uploads\/2022\/12\/CalendarioLaboral-2023_Femepa-a4.pdf\">DESCARGAR AQU\u00cd<\/a><\/p>\n<p>Atendiendo a la normativa recogida en el\u00a0<strong>art\u00edculo 34 del Estatuto de los Trabajadores<\/strong>, se adjunta\u00a0<strong>calendario laboral en PDF editable,<\/strong>\u00a0el cual deber\u00e1 ser\u00a0<strong>cumplimentado y expuesto en lugar visible<\/strong>\u00a0en el centro de trabajo.\u00a0<a href=\"https:\/\/femepa.org\/web\/wp-content\/uploads\/2022\/12\/Cumplimentar-y-Colocar-Lugar-Visible_CalendarioLaboral-2023_Femepa-a4-NICE.pdf\">DESCARGAR AQU\u00cd<\/a><\/p>\n","protected":false},"excerpt":{"rendered":"<p>Desde Femepa comunicamos que, en el BOC n\u00fam. 242, de 12\/12\/2022, se ha publicado la Orden de 25 de noviembre de 2022, de la Consejer\u00eda de Econom\u00eda, Conocimiento y Empleo, por la que se determinan las Fiestas Locales propias de cada Municipio de la Comunidad Aut\u00f3noma de Canarias para el a\u00f1o 2023. Con la citada [&hellip;]<\/p>\n","protected":false},"author":4,"featured_media":38050,"comment_status":"closed","ping_status":"closed","sticky":false,"template":"","format":"standard","meta":{"_acf_changed":false,"rs_blank_template":"","rs_page_bg_color":"","slide_template_v7":"","footnotes":""},"categories":[3198,3201],"tags":[],"class_list":["post-38027","post","type-post","status-publish","format-standard","has-post-thumbnail","hentry","category-3198","category-archivados"],"acf":[],"_links":{"self":[{"href":"https:\/\/femepa.org\/web\/wp-json\/wp\/v2\/posts\/38027","targetHints":{"allow":["GET"]}}],"collection":[{"href":"https:\/\/femepa.org\/web\/wp-json\/wp\/v2\/posts"}],"about":[{"href":"https:\/\/femepa.org\/web\/wp-json\/wp\/v2\/types\/post"}],"author":[{"embeddable":true,"href":"https:\/\/femepa.org\/web\/wp-json\/wp\/v2\/users\/4"}],"replies":[{"embeddable":true,"href":"https:\/\/femepa.org\/web\/wp-json\/wp\/v2\/comments?post=38027"}],"version-history":[{"count":1,"href":"https:\/\/femepa.org\/web\/wp-json\/wp\/v2\/posts\/38027\/revisions"}],"predecessor-version":[{"id":46109,"href":"https:\/\/femepa.org\/web\/wp-json\/wp\/v2\/posts\/38027\/revisions\/46109"}],"wp:featuredmedia":[{"embeddable":true,"href":"https:\/\/femepa.org\/web\/wp-json\/wp\/v2\/media\/38050"}],"wp:attachment":[{"href":"https:\/\/femepa.org\/web\/wp-json\/wp\/v2\/media?parent=38027"}],"wp:term":[{"taxonomy":"category","embeddable":true,"href":"https:\/\/femepa.org\/web\/wp-json\/wp\/v2\/categories?post=38027"},{"taxonomy":"post_tag","embeddable":true,"href":"https:\/\/femepa.org\/web\/wp-json\/wp\/v2\/tags?post=38027"}],"curies":[{"name":"wp","href":"https:\/\/api.w.org\/{rel}","templated":true}]}}