{"id":38031,"date":"2022-12-13T09:31:03","date_gmt":"2022-12-13T09:31:03","guid":{"rendered":"https:\/\/femepa.org\/web\/?p=38031"},"modified":"2024-08-29T20:27:08","modified_gmt":"2024-08-29T19:27:08","slug":"abierto-el-plazo-para-las-subvenciones-a-iniciativas-para-el-mantenimiento-del-autoempleo-y-del-empleo-por-cuenta-ajena","status":"publish","type":"post","link":"https:\/\/femepa.org\/web\/abierto-el-plazo-para-las-subvenciones-a-iniciativas-para-el-mantenimiento-del-autoempleo-y-del-empleo-por-cuenta-ajena\/","title":{"rendered":"Abierto el plazo para las subvenciones a iniciativas para el mantenimiento del autoempleo y del empleo por cuenta ajena"},"content":{"rendered":"<p><img fetchpriority=\"high\" decoding=\"async\" class=\"aligncenter wp-image-37807 size-full\" src=\"https:\/\/femepa.org\/web\/wp-content\/uploads\/2022\/11\/banner-contacto-obdulia-y-cristina.png\" alt=\"\" width=\"798\" height=\"156\" srcset=\"https:\/\/femepa.org\/web\/wp-content\/uploads\/2022\/11\/banner-contacto-obdulia-y-cristina.png 798w, https:\/\/femepa.org\/web\/wp-content\/uploads\/2022\/11\/banner-contacto-obdulia-y-cristina-300x59.png 300w, https:\/\/femepa.org\/web\/wp-content\/uploads\/2022\/11\/banner-contacto-obdulia-y-cristina-768x150.png 768w, https:\/\/femepa.org\/web\/wp-content\/uploads\/2022\/11\/banner-contacto-obdulia-y-cristina-600x117.png 600w\" sizes=\"(max-width: 798px) 100vw, 798px\" \/><\/p>\n<p>&nbsp;<\/p>\n<p><strong>SUBVENCIONES INICIATIVAS PARA EL MANTENIMIENTO DEL AUTOEMPLEO Y DEL EMPLEO POR CUENTA AJENA<\/strong><\/p>\n<p><strong>Objeto y finalidad:<\/strong>\u00a0Es objeto de estas subvenciones es el mantenimiento del autoempleo de las personas trabajadoras aut\u00f3nomas sin asalariados y el mantenimiento del empleo de las personas trabajadoras por cuenta ajena contratadas por microempresas y por personas trabajadoras aut\u00f3nomas, as\u00ed como el de los socios-trabajadores y de trabajo de empresas de emprendimiento colectivo, para facilitar la transici\u00f3n productiva de su actividad hacia la econom\u00eda verde y la econom\u00eda digital.<\/p>\n<p><strong>Beneficiarios:<\/strong>\u00a0Podr\u00e1n ser beneficiarias las personas trabajadoras aut\u00f3nomas sin trabajadores por cuenta ajena, las microempresas (incluyendo a las personas trabajadoras aut\u00f3nomas con asalariados) y las cooperativas y sociedades laborales que cumplan los requisitos siguientes:<\/p>\n<ul>\n<li>Que tengan su domicilio fiscal en la Comunidad Aut\u00f3noma de Canarias.<\/li>\n<li>Que tengan un volumen de negocios inferior a dos millones de euros.<\/li>\n<li>En el caso de las microempresas, cooperativas y sociedades laborales no pueden contar con m\u00e1s de 10 trabajadores asalariados.<\/li>\n<\/ul>\n<p><strong>Cuant\u00eda de la ayuda:<\/strong>\u00a0La cuant\u00eda de la subvenci\u00f3n ser\u00e1\u00a0<strong>3.242 euros<\/strong>\u00a0a tanto alzado por cada persona aut\u00f3noma, microempresa o empresa de emprendimiento colectivo solicitante.<\/p>\n<p>&nbsp;<\/p>\n<p><strong>Plazo y lugar de presentaci\u00f3n de las solicitudes:<\/strong>\u00a0La solicitud se cumplimentar\u00e1 por v\u00eda telem\u00e1tica mediante el formulario correspondiente en la\u00a0<a href=\"https:\/\/sede.gobiernodecanarias.org\/empleo\/tramites\/7109\">sede electr\u00f3nica del Gobierno de Canarias<\/a>.\u00a0El plazo de presentaci\u00f3n de solicitudes comenzar\u00e1 el\u00a0<strong>d\u00eda 24 de noviembre de 2022<\/strong>\u00a0y finalizar\u00e1 el\u00a0<strong>23 de diciembre de 2022 a las 23:59 h<\/strong>.<\/p>\n<p>Para m\u00e1s informaci\u00f3n puede contactar con la T\u00e9cnica de Innovaci\u00f3n de Femepa 928296161, ext. #2032\u00a0<em><a href=\"mailto:obdulia.martin@femepa.es\">obdulia.martin@femepa.es<\/a><\/em>\u00a0o con la T\u00e9cnica de Innovaci\u00f3n de Femepa 928296161, ext. #2508\u00a0<em><a href=\"mailto:cristina.santana@femepa.es\">cristina.santana@femepa.es<\/a><\/em><\/p>\n","protected":false},"excerpt":{"rendered":"<p>&nbsp; SUBVENCIONES INICIATIVAS PARA EL MANTENIMIENTO DEL AUTOEMPLEO Y DEL EMPLEO POR CUENTA AJENA Objeto y finalidad:\u00a0Es objeto de estas subvenciones es el mantenimiento del autoempleo de las personas trabajadoras aut\u00f3nomas sin asalariados y el mantenimiento del empleo de las personas trabajadoras por cuenta ajena contratadas por microempresas y por personas trabajadoras aut\u00f3nomas, as\u00ed como [&hellip;]<\/p>\n","protected":false},"author":4,"featured_media":38033,"comment_status":"closed","ping_status":"closed","sticky":false,"template":"","format":"standard","meta":{"_acf_changed":false,"rs_blank_template":"","rs_page_bg_color":"","slide_template_v7":"","footnotes":""},"categories":[3198,3201],"tags":[703,2494,2495],"class_list":["post-38031","post","type-post","status-publish","format-standard","has-post-thumbnail","hentry","category-3198","category-archivados","tag-autoempleo","tag-autonomo","tag-subvencion-autonomo"],"acf":[],"_links":{"self":[{"href":"https:\/\/femepa.org\/web\/wp-json\/wp\/v2\/posts\/38031","targetHints":{"allow":["GET"]}}],"collection":[{"href":"https:\/\/femepa.org\/web\/wp-json\/wp\/v2\/posts"}],"about":[{"href":"https:\/\/femepa.org\/web\/wp-json\/wp\/v2\/types\/post"}],"author":[{"embeddable":true,"href":"https:\/\/femepa.org\/web\/wp-json\/wp\/v2\/users\/4"}],"replies":[{"embeddable":true,"href":"https:\/\/femepa.org\/web\/wp-json\/wp\/v2\/comments?post=38031"}],"version-history":[{"count":1,"href":"https:\/\/femepa.org\/web\/wp-json\/wp\/v2\/posts\/38031\/revisions"}],"predecessor-version":[{"id":46115,"href":"https:\/\/femepa.org\/web\/wp-json\/wp\/v2\/posts\/38031\/revisions\/46115"}],"wp:featuredmedia":[{"embeddable":true,"href":"https:\/\/femepa.org\/web\/wp-json\/wp\/v2\/media\/38033"}],"wp:attachment":[{"href":"https:\/\/femepa.org\/web\/wp-json\/wp\/v2\/media?parent=38031"}],"wp:term":[{"taxonomy":"category","embeddable":true,"href":"https:\/\/femepa.org\/web\/wp-json\/wp\/v2\/categories?post=38031"},{"taxonomy":"post_tag","embeddable":true,"href":"https:\/\/femepa.org\/web\/wp-json\/wp\/v2\/tags?post=38031"}],"curies":[{"name":"wp","href":"https:\/\/api.w.org\/{rel}","templated":true}]}}