{"id":38089,"date":"2022-12-14T14:26:22","date_gmt":"2022-12-14T14:26:22","guid":{"rendered":"https:\/\/femepa.org\/web\/?p=38089"},"modified":"2024-08-29T20:27:08","modified_gmt":"2024-08-29T19:27:08","slug":"representantes-de-airacon-las-palmas-participan-en-la-junta-directiva-de-la-confederacion-nacional-de-instaladores","status":"publish","type":"post","link":"https:\/\/femepa.org\/web\/representantes-de-airacon-las-palmas-participan-en-la-junta-directiva-de-la-confederacion-nacional-de-instaladores\/","title":{"rendered":"Representantes de AIRACON Las Palmas participan en la Junta Directiva de la Confederaci\u00f3n Nacional de Instaladores"},"content":{"rendered":"<p>El 14 de diciembre, el presidente y secretario t\u00e9cnico de <strong>AIRACON<\/strong>, <strong>Miguel Trujillo y Kurt Engel respectivamente<\/strong>, asistieron en Madrid a la <strong>Junta Directiva de la Confederaci\u00f3n Nacional de Instaladores<\/strong> (CNI).<\/p>\n<p>Durante la reuni\u00f3n se trataron los resultados del viaje de Estudios M\u00e9xico organizado por el CNI, la proyecci\u00f3n de cierre 2022, los temas de trabajo y proyectos de 2023, los trabajos de CNI Principales, el calendario de eventos p\u00fablicos del sector en 2023 y las fechas de las pr\u00f3ximas reuniones, as\u00ed como la propuesta de celebraci\u00f3n del 50\u00ba aniversario de CNI y el informe de las asociaciones provinciales.<\/p>\n<p>CNI est\u00e1 formada por asociaciones provinciales de empresas instaladoras de Espa\u00f1a que engloba calefacci\u00f3n, aire acondicionado, refrigeraci\u00f3n, ventilaci\u00f3n, fontaner\u00eda, electricidad, protecci\u00f3n contra incendios.<\/p>\n<p>Visita la p\u00e1gina web de la Confederaci\u00f3n Nacional de Instaladores &gt;&gt; <a href=\"https:\/\/www.cni-instaladores.com\/\">AQU\u00cd<\/a><\/p>\n","protected":false},"excerpt":{"rendered":"<p>El 14 de diciembre, el presidente y secretario t\u00e9cnico de AIRACON, Miguel Trujillo y Kurt Engel respectivamente, asistieron en Madrid a la Junta Directiva de la Confederaci\u00f3n Nacional de Instaladores (CNI). Durante la reuni\u00f3n se trataron los resultados del viaje de Estudios M\u00e9xico organizado por el CNI, la proyecci\u00f3n de cierre 2022, los temas de [&hellip;]<\/p>\n","protected":false},"author":4,"featured_media":38090,"comment_status":"closed","ping_status":"closed","sticky":false,"template":"","format":"standard","meta":{"_acf_changed":false,"rs_blank_template":"","rs_page_bg_color":"","slide_template_v7":"","footnotes":""},"categories":[3198,3201],"tags":[1820,1709,1929,1930,2503,2504,1711],"class_list":["post-38089","post","type-post","status-publish","format-standard","has-post-thumbnail","hentry","category-3198","category-archivados","tag-airacon","tag-calefaccion","tag-cni","tag-confederacion-nacional-de-instaladores","tag-instaladores","tag-junta-directiva-de-la-confederacion-nacional-de-instaladores","tag-refrigeracion"],"acf":[],"_links":{"self":[{"href":"https:\/\/femepa.org\/web\/wp-json\/wp\/v2\/posts\/38089","targetHints":{"allow":["GET"]}}],"collection":[{"href":"https:\/\/femepa.org\/web\/wp-json\/wp\/v2\/posts"}],"about":[{"href":"https:\/\/femepa.org\/web\/wp-json\/wp\/v2\/types\/post"}],"author":[{"embeddable":true,"href":"https:\/\/femepa.org\/web\/wp-json\/wp\/v2\/users\/4"}],"replies":[{"embeddable":true,"href":"https:\/\/femepa.org\/web\/wp-json\/wp\/v2\/comments?post=38089"}],"version-history":[{"count":1,"href":"https:\/\/femepa.org\/web\/wp-json\/wp\/v2\/posts\/38089\/revisions"}],"predecessor-version":[{"id":46111,"href":"https:\/\/femepa.org\/web\/wp-json\/wp\/v2\/posts\/38089\/revisions\/46111"}],"wp:featuredmedia":[{"embeddable":true,"href":"https:\/\/femepa.org\/web\/wp-json\/wp\/v2\/media\/38090"}],"wp:attachment":[{"href":"https:\/\/femepa.org\/web\/wp-json\/wp\/v2\/media?parent=38089"}],"wp:term":[{"taxonomy":"category","embeddable":true,"href":"https:\/\/femepa.org\/web\/wp-json\/wp\/v2\/categories?post=38089"},{"taxonomy":"post_tag","embeddable":true,"href":"https:\/\/femepa.org\/web\/wp-json\/wp\/v2\/tags?post=38089"}],"curies":[{"name":"wp","href":"https:\/\/api.w.org\/{rel}","templated":true}]}}