{"id":38096,"date":"2022-12-21T10:50:02","date_gmt":"2022-12-21T10:50:02","guid":{"rendered":"https:\/\/femepa.org\/web\/?p=38096"},"modified":"2024-08-29T20:27:07","modified_gmt":"2024-08-29T19:27:07","slug":"celebracion-de-feel-the-metal-power-2022","status":"publish","type":"post","link":"https:\/\/femepa.org\/web\/celebracion-de-feel-the-metal-power-2022\/","title":{"rendered":"Celebraci\u00f3n de Feel The Metal Power 2022"},"content":{"rendered":"<p><span data-offset-key=\"8sc43-1-0\">El pasado <strong>15 de diciembre,<\/strong>\u00a0tuvo lugar el evento <strong>Feel The Metal Power 2022,<\/strong> en <strong>formato h\u00edbrido<\/strong> en la <strong>Federaci\u00f3n de Vela Latina Canaria.<\/strong><\/span><\/p>\n<p>La inauguraci\u00f3n estuvo a cargo de <strong>Vicente Marrero<\/strong>, presidente de Femepa, y <strong>Javier Betancor<\/strong>, presidente de PRODIGITAL.<\/p>\n<p>El evento fue presentado por <strong>Jezabel Artiles<\/strong> y en \u00e9l participaron <strong>David Mac\u00edas<\/strong>,\u00a0 CEO de InboundLabs Hispanic, Mitosis DAO y Bridge3; <strong>Pedro Mujica<\/strong>, Tecnohumanista y CEO de Wecolab Studio; <strong>Marilola Afonso<\/strong>, doctora en Sistemas Inteligentes y Aplicaciones Num\u00e9ricas en Ingenier\u00eda ULPGC y <strong>Jorge Alonso<\/strong>, CIO de Velorcios Group.<\/p>\n<p><span data-offset-key=\"8sc43-3-0\"><strong>David Mac\u00edas<\/strong>,\u00a0 CEO de InboundLabs Hispanic, habl\u00f3 sobre la evoluci\u00f3n, las ventajas y los proyectos que se pueden realizar gracias a la Web3. Los NFT, la descentralizaci\u00f3n a trav\u00e9s de las criptomonedas o la aplicaci\u00f3n de esa descentralizaci\u00f3n en la toma de decisiones en las empresas fueron las claves de su intervenci\u00f3n.<\/span><\/p>\n<p><strong>Pedro Mujica<\/strong>, tecnohumanista y CEO de Wecolab Studio explic\u00f3 de forma concisa y clara como se han ido creado los mundos virtuales, la importancia que est\u00e1 adquiriendo el metaverso en el \u00e1mbito cotidianos y empresarial y la experiencia obtenida de todo el proceso tecnol\u00f3gico que est\u00e1 posibilitando este nuevo salto cualitativo.<\/p>\n<p><strong>Marilola Afonso<\/strong>, doctora en Sistemas Inteligentes y Aplicaciones Num\u00e9ricas en Ingenier\u00eda ULPGC expuso cu\u00e1les son los proyectos que se est\u00e1n llevando a cabo en la universidad para aumentar la sostenibilidad en muchos sectores de la econom\u00eda, como la azul. Tambi\u00e9n detall\u00f3 cu\u00e1les son los proyectos relacionados con el cumplimiento de los ODS y todo lo que se ha trabajado en el marco de Canarias\u00a0 Progreso I+D+i 2030.<\/p>\n<p><strong>Jorge Alonso<\/strong>, CIO de Velorcios Group, puso el foco en la importancia que tiene el seguir unos buenos h\u00e1bitos y pr\u00e1cticas en el \u00e1mbito de la ciberseguridad. El factor humano es clave para conseguir la mayor protecci\u00f3n posible tanto en el \u00e1mbito personal como en el de la empresa.<\/p>\n<p>Al finalizar el acto, se llev\u00f3 a cabo el<strong> sorteo de las gafas de realidad virtual,<\/strong>\u00a0ganadas por una de las personas que asisti\u00f3 presencialmente al evento.<\/p>\n<p><a href=\"https:\/\/flic.kr\/s\/aHBqjAjoJU\">VER GALER\u00cdA FOTOGR\u00c1FICA<\/a><\/p>\n","protected":false},"excerpt":{"rendered":"<p>El pasado 15 de diciembre,\u00a0tuvo lugar el evento Feel The Metal Power 2022, en formato h\u00edbrido en la Federaci\u00f3n de Vela Latina Canaria. La inauguraci\u00f3n estuvo a cargo de Vicente Marrero, presidente de Femepa, y Javier Betancor, presidente de PRODIGITAL. El evento fue presentado por Jezabel Artiles y en \u00e9l participaron David Mac\u00edas,\u00a0 CEO de [&hellip;]<\/p>\n","protected":false},"author":4,"featured_media":38176,"comment_status":"closed","ping_status":"closed","sticky":false,"template":"","format":"standard","meta":{"_acf_changed":false,"rs_blank_template":"","rs_page_bg_color":"","slide_template_v7":"","footnotes":""},"categories":[3198,3201],"tags":[1206,2505,2506,1514,2415,2507],"class_list":["post-38096","post","type-post","status-publish","format-standard","has-post-thumbnail","hentry","category-3198","category-archivados","tag-feel-the-metal-power","tag-feel-the-metal-power-2022","tag-jorge-alonso","tag-pedro-mujica","tag-realidad-virtual","tag-velorcios-group"],"acf":[],"_links":{"self":[{"href":"https:\/\/femepa.org\/web\/wp-json\/wp\/v2\/posts\/38096","targetHints":{"allow":["GET"]}}],"collection":[{"href":"https:\/\/femepa.org\/web\/wp-json\/wp\/v2\/posts"}],"about":[{"href":"https:\/\/femepa.org\/web\/wp-json\/wp\/v2\/types\/post"}],"author":[{"embeddable":true,"href":"https:\/\/femepa.org\/web\/wp-json\/wp\/v2\/users\/4"}],"replies":[{"embeddable":true,"href":"https:\/\/femepa.org\/web\/wp-json\/wp\/v2\/comments?post=38096"}],"version-history":[{"count":1,"href":"https:\/\/femepa.org\/web\/wp-json\/wp\/v2\/posts\/38096\/revisions"}],"predecessor-version":[{"id":46106,"href":"https:\/\/femepa.org\/web\/wp-json\/wp\/v2\/posts\/38096\/revisions\/46106"}],"wp:featuredmedia":[{"embeddable":true,"href":"https:\/\/femepa.org\/web\/wp-json\/wp\/v2\/media\/38176"}],"wp:attachment":[{"href":"https:\/\/femepa.org\/web\/wp-json\/wp\/v2\/media?parent=38096"}],"wp:term":[{"taxonomy":"category","embeddable":true,"href":"https:\/\/femepa.org\/web\/wp-json\/wp\/v2\/categories?post=38096"},{"taxonomy":"post_tag","embeddable":true,"href":"https:\/\/femepa.org\/web\/wp-json\/wp\/v2\/tags?post=38096"}],"curies":[{"name":"wp","href":"https:\/\/api.w.org\/{rel}","templated":true}]}}