{"id":39069,"date":"2023-03-17T09:14:01","date_gmt":"2023-03-17T09:14:01","guid":{"rendered":"https:\/\/femepa.org\/web\/?p=39069"},"modified":"2024-08-29T20:18:36","modified_gmt":"2024-08-29T19:18:36","slug":"aielpa-y-aserpa-participan-en-la-mesa-sectorial-del-primer-foro-de-energias-renovables-de-canarias","status":"publish","type":"post","link":"https:\/\/femepa.org\/web\/aielpa-y-aserpa-participan-en-la-mesa-sectorial-del-primer-foro-de-energias-renovables-de-canarias\/","title":{"rendered":"Aielpa y Aserpa participan en la mesa sectorial del primer Foro de Energ\u00edas Renovables de Canarias"},"content":{"rendered":"<p><strong>V\u00edctor S\u00e1nchez Vera<\/strong>, presidente de AIELPA y <strong>Fernando Caballero Roig<\/strong>, directivo de ASERPA, participan en la mesa sectorial del primer Foro de <strong>Energ\u00edas Renovables de Canarias<\/strong> celebrado hoy en el el Hotel Santa Catalina de Las Palmas de Gran Canaria.<\/p>\n<p>&nbsp;<\/p>\n<p>Este foro tiene como objetivo dinamizar la econom\u00eda canaria y apoyar la transici\u00f3n ecol\u00f3gica en nuestras islas, empoderar a las pymes y micropymes Canarias del sector como primera y \u00fanica opci\u00f3n para las instalaciones fotovoltaicas del presente y del futuro. Tambi\u00e9n conocer de primera mano las ayudas y subvenciones disponibles para el sector, analizar y aportar soluciones a las trabas burocr\u00e1ticas que ralentizan los proyectos, as\u00ed como conocer las \u00faltimas tecnolog\u00edas de gran acumulaci\u00f3n fotovoltaica y conocer los casos de \u00e9xitos con ADN Canario.<\/p>\n<p>&nbsp;<\/p>\n<p>El evento fue inaugurado por <strong>Francisco P\u00e9rez Spiess<\/strong>, director de Technical Solutions &amp; Sales at Wattkratt GmbH &amp; Co. La mesa institucional estuvo a cargo del<strong> ITC<\/strong> (Instituto Tecnol\u00f3gico de Canarias), <strong>Cabildo de Gran Canaria, Cabildo de Tenerife<\/strong> y el <strong>Gobierno de Canarias<\/strong>, donde dirigieron sus declaraciones en la evoluci\u00f3n del sector, tendencias, el marco regulatorio, las subvenciones y los objetivos para 2030.<\/p>\n<p>&nbsp;<\/p>\n<p><strong>Jos\u00e9 Donoso<\/strong>, director general de UNEF, hizo una presentaci\u00f3n sobre el an\u00e1lisis y evoluci\u00f3n del a\u00f1o 2022 en Canarias, las necesidades del sector y los principales retos para 2030. La mesa Sectorial participaron las <strong>Asociaciones, Colegios <\/strong>y<strong> UNEF<\/strong>, en la que asistieron los <strong>presidentes de ASINELTE, AIELPA <\/strong>y<strong> ASERPA<\/strong>, dando a conocer el an\u00e1lisis, evoluci\u00f3n, los retos y desaf\u00edos de un sector en alza y las ventajas del &#8220;Hecho en Canarias&#8221;.<\/p>\n<p>&nbsp;<\/p>\n<p>En la mesa tecnol\u00f3gica estuvieron <strong>Huawei, Wattkraft <\/strong>y<strong> Green<\/strong>, dando a conocer las tendencias del sector tecnol\u00f3gico, los hitos y los objetivos del mismo.<\/p>\n","protected":false},"excerpt":{"rendered":"<p>V\u00edctor S\u00e1nchez Vera, presidente de AIELPA y Fernando Caballero Roig, directivo de ASERPA, participan en la mesa sectorial del primer Foro de Energ\u00edas Renovables de Canarias celebrado hoy en el el Hotel Santa Catalina de Las Palmas de Gran Canaria. &nbsp; Este foro tiene como objetivo dinamizar la econom\u00eda canaria y apoyar la transici\u00f3n ecol\u00f3gica [&hellip;]<\/p>\n","protected":false},"author":4,"featured_media":39070,"comment_status":"closed","ping_status":"closed","sticky":false,"template":"","format":"standard","meta":{"_acf_changed":false,"rs_blank_template":"","rs_page_bg_color":"","slide_template_v7":"","footnotes":""},"categories":[3199,3201],"tags":[125,93,636,2682,487,140,2683,2684,2685,2686],"class_list":["post-39069","post","type-post","status-publish","format-standard","has-post-thumbnail","hentry","category-3199","category-archivados","tag-aielpa","tag-aserpa","tag-cabildo-de-gran-canaria","tag-cabildo-de-tenerife","tag-energias-renovables","tag-gobierno-de-canarias","tag-green","tag-huawei","tag-unef","tag-wattkraft"],"acf":[],"_links":{"self":[{"href":"https:\/\/femepa.org\/web\/wp-json\/wp\/v2\/posts\/39069","targetHints":{"allow":["GET"]}}],"collection":[{"href":"https:\/\/femepa.org\/web\/wp-json\/wp\/v2\/posts"}],"about":[{"href":"https:\/\/femepa.org\/web\/wp-json\/wp\/v2\/types\/post"}],"author":[{"embeddable":true,"href":"https:\/\/femepa.org\/web\/wp-json\/wp\/v2\/users\/4"}],"replies":[{"embeddable":true,"href":"https:\/\/femepa.org\/web\/wp-json\/wp\/v2\/comments?post=39069"}],"version-history":[{"count":1,"href":"https:\/\/femepa.org\/web\/wp-json\/wp\/v2\/posts\/39069\/revisions"}],"predecessor-version":[{"id":46049,"href":"https:\/\/femepa.org\/web\/wp-json\/wp\/v2\/posts\/39069\/revisions\/46049"}],"wp:featuredmedia":[{"embeddable":true,"href":"https:\/\/femepa.org\/web\/wp-json\/wp\/v2\/media\/39070"}],"wp:attachment":[{"href":"https:\/\/femepa.org\/web\/wp-json\/wp\/v2\/media?parent=39069"}],"wp:term":[{"taxonomy":"category","embeddable":true,"href":"https:\/\/femepa.org\/web\/wp-json\/wp\/v2\/categories?post=39069"},{"taxonomy":"post_tag","embeddable":true,"href":"https:\/\/femepa.org\/web\/wp-json\/wp\/v2\/tags?post=39069"}],"curies":[{"name":"wp","href":"https:\/\/api.w.org\/{rel}","templated":true}]}}