{"id":39078,"date":"2023-03-17T14:59:36","date_gmt":"2023-03-17T14:59:36","guid":{"rendered":"https:\/\/femepa.org\/web\/?p=39078"},"modified":"2024-08-29T20:18:36","modified_gmt":"2024-08-29T19:18:36","slug":"femepa-participara-en-la-jornada-tecnica-de-trabajos-seguros-en-cubiertas-en-fuerteventura","status":"publish","type":"post","link":"https:\/\/femepa.org\/web\/femepa-participara-en-la-jornada-tecnica-de-trabajos-seguros-en-cubiertas-en-fuerteventura\/","title":{"rendered":"Femepa participar\u00e1 en la Jornada T\u00e9cnica de Trabajos seguros en cubiertas en Fuerteventura"},"content":{"rendered":"<p>El pr\u00f3ximo<strong> 23 de marzo<\/strong>, tendr\u00e1 lugar la J<strong>ornada T\u00e9cnica de Trabajos Seguros en Cubiertas<\/strong> en el <strong>Centro Polivalente El Charco<\/strong> C\/Almirante Lallermand, 108, 35600, Puerto del Rosario, con el objetivo de tratar la problem\u00e1tica actual, el an\u00e1lisis y medidas a tomar dentro del sector, organizado por el Instituto Canario de Seguridad Laboral en colaboraci\u00f3n con Femepa, Canary Rope, la Inspecci\u00f3n de Trabajo y Seguridad Social del Gobierno de Espa\u00f1a y el Ayuntamiento de Puerto del Rosario.<\/p>\n<p>&nbsp;<\/p>\n<p>El evento contar\u00e1 con la participaci\u00f3n de <strong>Adri\u00e1n Jes\u00fas Navarro<\/strong>, t\u00e9cnico de ICASEL y miembro del grupo y subgrupo nacional de Construcci\u00f3n, qui\u00e9n dar\u00e1 una ponencia sobre la Campa\u00f1a de Trabajos en Cubierta &#8220;La importante es bajar con vida&#8221;. <strong>Ang\u00e9lica M\u00aa Scattol\u00f3n<\/strong>, subinspectora laboral escala SSL de la ITSS, tratar\u00e1 la actuaci\u00f3n inspectora frente a los riesgos de ca\u00eddas en cubiertas.<\/p>\n<p>&nbsp;<\/p>\n<p><strong>Arecio Vega,<\/strong> responsable de OTPRL de FEMEPA, expondr\u00e1 el valor de la formaci\u00f3n en el sector del metal en la provincia de Las Palmas y, como \u00faltimos ponentes, <strong>Miguel \u00c1ngel Rosario<\/strong>, ingeniero t\u00e9cnico y formador y <strong>Alejandro Viera<\/strong>, jefe de equipo y formador en Canary Rope, dirigir\u00e1n su ponencia en la evaluaci\u00f3n y rescate para trabajos en cubierta<\/p>\n<p>&nbsp;<\/p>\n<p>Ver programaci\u00f3n <a href=\"http:\/\/kubo.femepa.org\/wp-content\/uploads\/2023\/03\/Programa-FV-23.03.2023.pdf\"><strong><span style=\"color: #ff0000\">AQU\u00cd<\/span><\/strong><\/a><\/p>\n","protected":false},"excerpt":{"rendered":"<p>El pr\u00f3ximo 23 de marzo, tendr\u00e1 lugar la Jornada T\u00e9cnica de Trabajos Seguros en Cubiertas en el Centro Polivalente El Charco C\/Almirante Lallermand, 108, 35600, Puerto del Rosario, con el objetivo de tratar la problem\u00e1tica actual, el an\u00e1lisis y medidas a tomar dentro del sector, organizado por el Instituto Canario de Seguridad Laboral en colaboraci\u00f3n [&hellip;]<\/p>\n","protected":false},"author":4,"featured_media":39084,"comment_status":"closed","ping_status":"closed","sticky":false,"template":"","format":"standard","meta":{"_acf_changed":false,"rs_blank_template":"","rs_page_bg_color":"","slide_template_v7":"","footnotes":""},"categories":[3199,3201],"tags":[2687,2688,1072,2421,2689,1549,2690],"class_list":["post-39078","post","type-post","status-publish","format-standard","has-post-thumbnail","hentry","category-3199","category-archivados","tag-canary-rope","tag-centro-polivalente-el-charco","tag-icasel","tag-itss","tag-jornada-tecnica-de-trabajos-seguros-en-cubiertas","tag-otprl","tag-ssl"],"acf":[],"_links":{"self":[{"href":"https:\/\/femepa.org\/web\/wp-json\/wp\/v2\/posts\/39078","targetHints":{"allow":["GET"]}}],"collection":[{"href":"https:\/\/femepa.org\/web\/wp-json\/wp\/v2\/posts"}],"about":[{"href":"https:\/\/femepa.org\/web\/wp-json\/wp\/v2\/types\/post"}],"author":[{"embeddable":true,"href":"https:\/\/femepa.org\/web\/wp-json\/wp\/v2\/users\/4"}],"replies":[{"embeddable":true,"href":"https:\/\/femepa.org\/web\/wp-json\/wp\/v2\/comments?post=39078"}],"version-history":[{"count":1,"href":"https:\/\/femepa.org\/web\/wp-json\/wp\/v2\/posts\/39078\/revisions"}],"predecessor-version":[{"id":46046,"href":"https:\/\/femepa.org\/web\/wp-json\/wp\/v2\/posts\/39078\/revisions\/46046"}],"wp:featuredmedia":[{"embeddable":true,"href":"https:\/\/femepa.org\/web\/wp-json\/wp\/v2\/media\/39084"}],"wp:attachment":[{"href":"https:\/\/femepa.org\/web\/wp-json\/wp\/v2\/media?parent=39078"}],"wp:term":[{"taxonomy":"category","embeddable":true,"href":"https:\/\/femepa.org\/web\/wp-json\/wp\/v2\/categories?post=39078"},{"taxonomy":"post_tag","embeddable":true,"href":"https:\/\/femepa.org\/web\/wp-json\/wp\/v2\/tags?post=39078"}],"curies":[{"name":"wp","href":"https:\/\/api.w.org\/{rel}","templated":true}]}}