{"id":39145,"date":"2023-03-29T14:36:45","date_gmt":"2023-03-29T13:36:45","guid":{"rendered":"https:\/\/femepa.org\/web\/?p=39145"},"modified":"2024-08-29T20:18:35","modified_gmt":"2024-08-29T19:18:35","slug":"los-trabajadores-no-tendran-que-presentar-el-parte-de-baja-a-la-empresa-a-partir-del-1-de-abril","status":"publish","type":"post","link":"https:\/\/femepa.org\/web\/los-trabajadores-no-tendran-que-presentar-el-parte-de-baja-a-la-empresa-a-partir-del-1-de-abril\/","title":{"rendered":"Los trabajadores no tendr\u00e1n que presentar el parte de baja a la empresa a partir del 1 de abril"},"content":{"rendered":"<p>De acuerdo con el RD publicado el pasado mes de enero, la tramitaci\u00f3n de las bajas (incapacidades temporales) inferiores a 365 d\u00edas sufrir\u00e1,<strong>\u00a0a partir de este 1 de abril,<\/strong>\u00a0una modificaci\u00f3n esencial:\u00a0<strong>los trabajadores dejar\u00e1n de estar obligados de presentar a su empresa los partes de baja, confirmaci\u00f3n y alta.<\/strong><\/p>\n<p>&nbsp;<\/p>\n<p>Es intenci\u00f3n de la norma, por un lado, agilizar los tr\u00e1mites y, por otro, evitar al trabajador una tarea burocr\u00e1tica de la gesti\u00f3n de su propia baja, tr\u00e1mite que puede ser en ocasiones especialmente gravoso. Ahora, es la propia Seguridad Social la que proporcionar\u00e1 toda la informaci\u00f3n de manera telem\u00e1tica a la empresa.<\/p>\n<p>&nbsp;<\/p>\n<h2>\u00bfC\u00f3mo se tramitar\u00e1n las bajas a partir del 1 de abril?<\/h2>\n<p>&nbsp;<\/p>\n<p>Hasta ahora, el m\u00e9dico entrega al trabajador el parte m\u00e9dico, la copia correspondiente de la baja, confirmaci\u00f3n y alta. Despu\u00e9s, el trabajador lo remite a la propia empresa para que esta lo cumplimente y remita a la entidad gestora.<\/p>\n<p>&nbsp;<\/p>\n<p>Con la norma antes referenciada, y a partir del 1 de abril, ahora ser\u00e1 el Servicio P\u00fablico de Salud, (o la mutua, o la empresa colaboradora) la que remitan los partes al Instituto Nacional de la Seguridad Social (INSS). \u00a0Ser\u00e1 el INSS quien comunicar\u00e1 entonces a la empresa todos los datos necesarios de los partes emitidos por el m\u00e9dico.<\/p>\n<p>&nbsp;<\/p>\n<p>Recibida tal comunicaci\u00f3n, la empresa tendr\u00e1 la obligaci\u00f3n de transmitir a trav\u00e9s del denominado Sistema de Remisi\u00f3n Electr\u00f3nica de Datos (RED) de forma inmediata y, como m\u00e1ximo, en un plazo de tres d\u00edas h\u00e1biles desde la recepci\u00f3n de la comunicaci\u00f3n de la baja m\u00e9dica, los datos requeridos para que el trabajador perciba la prestaci\u00f3n correspondiente.<\/p>\n<p>&nbsp;<\/p>\n<p>Lo mismo para el supuesto de alta: Ser\u00e1 la Seguridad Social la que lo se comunicar\u00e1 al Servicio P\u00fablico de Salud o a la mutua y estos, a su vez, a la empresa.<\/p>\n<p>&nbsp;<\/p>\n<p>En resumen:<\/p>\n<ul>\n<li>El m\u00e9dico expide la baja, confirmaci\u00f3n y alta y entrega la copia al trabajador para su conocimiento<\/li>\n<\/ul>\n<ul>\n<li>El Servicio P\u00fablico de Salud, mutua o empresa colaboradora remite los datos al INSS<\/li>\n<\/ul>\n<ul>\n<li>El INSS comunica los datos necesarios sobre los partes de baja, confirmaci\u00f3n y alta para que la empresa conozca la situaci\u00f3n<\/li>\n<\/ul>\n<ul>\n<li>Se transmiten los datos Sistema de Remisi\u00f3n Electr\u00f3nica de Datos para el c\u00e1lculo de la prestaci\u00f3n<\/li>\n<\/ul>\n<ul>\n<li>El INSS gestiona los partes m\u00e9dicos y los datos comunicados a la entidad que corresponda la gesti\u00f3n de la prestaci\u00f3n<\/li>\n<\/ul>\n<ul>\n<li>En el momento del alta, se comunicar\u00e1 al Servicio P\u00fablico de Salud o mutua y lo comunicar\u00e1 a la empresa<\/li>\n<\/ul>\n<p>&nbsp;<\/p>\n<h2>Especialidades en funci\u00f3n de la duraci\u00f3n<\/h2>\n<p>&nbsp;<\/p>\n<ul>\n<li><strong>Bajas de duraci\u00f3n inferior a 5 d\u00edas naturales:<\/strong><\/li>\n<\/ul>\n<p>El m\u00e9dico emite el parte de baja y de alta en el mismo documento donde se indica el d\u00eda de alta y baja.<\/p>\n<p>Se puede solicitar la revisi\u00f3n del d\u00eda de alta, tanto si se comprueba que ya est\u00e1 en condiciones de reincorporarse o si necesita extender la duraci\u00f3n.<\/p>\n<p>&nbsp;<\/p>\n<ul>\n<li><strong>Bajas de entre 5 y 30 d\u00edas naturales:<\/strong><\/li>\n<\/ul>\n<p>El m\u00e9dico emite el parte de baja, indicando la fecha de la revisi\u00f3n m\u00e9dica prevista, que no podr\u00e1 exceder en m\u00e1s de siete d\u00edas naturales a la fecha de baja.<\/p>\n<p>En la revisi\u00f3n, se emite el parte de alta o el parte de confirmaci\u00f3n.<\/p>\n<p>Despu\u00e9s de este primer parte de confirmaci\u00f3n, si fuese necesario emitir alguno m\u00e1s, no podr\u00e1n emitirse con una diferencia de m\u00e1s de catorce d\u00edas naturales entre s\u00ed.<\/p>\n<p>&nbsp;<\/p>\n<ul>\n<li><strong>Bajas de entre 31 y 60 d\u00edas naturales:<\/strong><\/li>\n<\/ul>\n<p>Similar al anterior supuesto, pero despu\u00e9s del primer parte de confirmaci\u00f3n, los sucesivos no podr\u00e1n emitirse con una diferencia de m\u00e1s de 28 d\u00edas naturales entre s\u00ed.<\/p>\n<p>&nbsp;<\/p>\n<ul>\n<li><strong>Bajas a partir de 61 d\u00edas de baja estimada:<\/strong><\/li>\n<\/ul>\n<p>La fecha de revisi\u00f3n prevista no podr\u00e1 exceder de m\u00e1s de 14 d\u00edas naturales a la fecha de baja.<\/p>\n<p>Despu\u00e9s del primer parte de confirmaci\u00f3n, los siguientes no podr\u00e1n emitirse con una diferencia de m\u00e1s de 35 d\u00edas naturales entre s\u00ed.<\/p>\n<p>&nbsp;<\/p>\n<p>Descargar Bolet\u00edn Oficial del Estado &gt;&gt; <strong><a href=\"https:\/\/www.boe.es\/boe\/dias\/2023\/01\/05\/pdfs\/BOE-A-2023-160.pdf\">AQU\u00cd<\/a><\/strong><\/p>\n<p>&nbsp;<\/p>\n<p>Descargar presentaci\u00f3n resumen del INSS\u00a0 &gt;&gt; <a href=\"http:\/\/www.femz.es\/wp-content\/uploads\/PPT-normativa-partes-IT.pdf\"><strong>AQU\u00cd<\/strong><\/a><\/p>\n<p>&nbsp;<\/p>\n<p>Ver video &gt;&gt; <a href=\"https:\/\/youtu.be\/-ukWV_6cTkI\"><strong>AQU\u00cd<\/strong><\/a><\/p>\n<h6>Fuente: FEMZ<\/h6>\n","protected":false},"excerpt":{"rendered":"<p>De acuerdo con el RD publicado el pasado mes de enero, la tramitaci\u00f3n de las bajas (incapacidades temporales) inferiores a 365 d\u00edas sufrir\u00e1,\u00a0a partir de este 1 de abril,\u00a0una modificaci\u00f3n esencial:\u00a0los trabajadores dejar\u00e1n de estar obligados de presentar a su empresa los partes de baja, confirmaci\u00f3n y alta. &nbsp; Es intenci\u00f3n de la norma, por [&hellip;]<\/p>\n","protected":false},"author":4,"featured_media":39146,"comment_status":"closed","ping_status":"closed","sticky":false,"template":"","format":"standard","meta":{"_acf_changed":false,"rs_blank_template":"","rs_page_bg_color":"","slide_template_v7":"","footnotes":""},"categories":[3199,3201],"tags":[2716,2717,1454,2718],"class_list":["post-39145","post","type-post","status-publish","format-standard","has-post-thumbnail","hentry","category-3199","category-archivados","tag-baja-inferior-a-365-dias","tag-baja-laboral","tag-rd","tag-tramitacion-de-bajas"],"acf":[],"_links":{"self":[{"href":"https:\/\/femepa.org\/web\/wp-json\/wp\/v2\/posts\/39145","targetHints":{"allow":["GET"]}}],"collection":[{"href":"https:\/\/femepa.org\/web\/wp-json\/wp\/v2\/posts"}],"about":[{"href":"https:\/\/femepa.org\/web\/wp-json\/wp\/v2\/types\/post"}],"author":[{"embeddable":true,"href":"https:\/\/femepa.org\/web\/wp-json\/wp\/v2\/users\/4"}],"replies":[{"embeddable":true,"href":"https:\/\/femepa.org\/web\/wp-json\/wp\/v2\/comments?post=39145"}],"version-history":[{"count":1,"href":"https:\/\/femepa.org\/web\/wp-json\/wp\/v2\/posts\/39145\/revisions"}],"predecessor-version":[{"id":46039,"href":"https:\/\/femepa.org\/web\/wp-json\/wp\/v2\/posts\/39145\/revisions\/46039"}],"wp:featuredmedia":[{"embeddable":true,"href":"https:\/\/femepa.org\/web\/wp-json\/wp\/v2\/media\/39146"}],"wp:attachment":[{"href":"https:\/\/femepa.org\/web\/wp-json\/wp\/v2\/media?parent=39145"}],"wp:term":[{"taxonomy":"category","embeddable":true,"href":"https:\/\/femepa.org\/web\/wp-json\/wp\/v2\/categories?post=39145"},{"taxonomy":"post_tag","embeddable":true,"href":"https:\/\/femepa.org\/web\/wp-json\/wp\/v2\/tags?post=39145"}],"curies":[{"name":"wp","href":"https:\/\/api.w.org\/{rel}","templated":true}]}}