{"id":39191,"date":"2023-03-31T15:13:25","date_gmt":"2023-03-31T14:13:25","guid":{"rendered":"https:\/\/femepa.org\/web\/?p=39191"},"modified":"2024-08-29T20:18:35","modified_gmt":"2024-08-29T19:18:35","slug":"vuelve-7a-feria-de-la-moto-y-movilidad-urbana-sostenible","status":"publish","type":"post","link":"https:\/\/femepa.org\/web\/vuelve-7a-feria-de-la-moto-y-movilidad-urbana-sostenible\/","title":{"rendered":"Vuelve 7\u00aa Feria de la Moto y Movilidad Urbana Sostenible"},"content":{"rendered":"<p>En esta ocasi\u00f3n, el evento tendr\u00e1 lugar en el R<strong>ecinto Ferial de Canaria<\/strong>s, con una superficie de m\u00e1s de 7.000 metros cuadrados, donde se reunir\u00e1n las mejores empresas vinculadas al sector de las dos ruedas, dispuestas a mostrar sus \u00faltimos productos y servicios. Adem\u00e1s, tambi\u00e9n habr\u00e1 espacio para asociaciones, aficionados y otros profesionales que quieran participar en la feria.<\/p>\n<p>&nbsp;<\/p>\n<p>El principal objetivo de la<strong> s\u00e9ptima edici\u00f3n de LPA Motown <\/strong>\u00a0organizada por AEMOTO, FEMEPA y TOP TIME EVENTOS y promovida por el Concejal\u00eda de Movilidad del Ayuntamiento de Las Palmas, Sagulpa y Guaguas Municipales,\u00a0 es impulsar la actividad comercial del sector y fomentar el uso de medios de transporte sostenibles. Por ello, se han preparado numerosas actividades, exposiciones, conferencias, charlas y talleres para informar y educar sobre la importancia de la movilidad sostenible en nuestra vida diaria.<\/p>\n<p>&nbsp;<\/p>\n<p>Pero eso no es todo. Tambi\u00e9n podr\u00e1s disfrutar de zona de restauraci\u00f3n, concursos, sorteos, ludoteca, virtual zone y, por supuesto, conciertos y actuaciones en directo que pondr\u00e1n la guinda a una feria que promete ser espectacular.<\/p>\n<p>&nbsp;<\/p>\n<p>Este a\u00f1o, la LPA Motown contar\u00e1 con invitados especiales que dotar\u00e1n de un colorido especial al evento. Adem\u00e1s, los asistentes tendr\u00e1n la oportunidad de conocer y probar las \u00faltimas tendencias en el sector de las motos y la movilidad urbana sostenible, en un ambiente festivo y lleno de energ\u00eda.<\/p>\n<p>&nbsp;<\/p>\n<p>No lo dudes m\u00e1s, marca en tu calendario los d\u00edas <strong>12, 13 y 14 de mayo<\/strong> y ven a disfrutar de la s\u00e9ptima edici\u00f3n de la LPA Motown. \u00a1Te esperamos!<\/p>\n<p>&nbsp;<\/p>\n<p>M\u00e1s informaci\u00f3n &gt;&gt; <a href=\"https:\/\/www.lpamotown.es\/\">AQU\u00cd<\/a><\/p>\n<p>&nbsp;<\/p>\n<h6><strong>Fuente: LPA MOTOWN<\/strong><\/h6>\n","protected":false},"excerpt":{"rendered":"<p>En esta ocasi\u00f3n, el evento tendr\u00e1 lugar en el Recinto Ferial de Canarias, con una superficie de m\u00e1s de 7.000 metros cuadrados, donde se reunir\u00e1n las mejores empresas vinculadas al sector de las dos ruedas, dispuestas a mostrar sus \u00faltimos productos y servicios. Adem\u00e1s, tambi\u00e9n habr\u00e1 espacio para asociaciones, aficionados y otros profesionales que quieran [&hellip;]<\/p>\n","protected":false},"author":4,"featured_media":39247,"comment_status":"closed","ping_status":"closed","sticky":false,"template":"","format":"standard","meta":{"_acf_changed":false,"rs_blank_template":"","rs_page_bg_color":"","slide_template_v7":"","footnotes":""},"categories":[3199,3201],"tags":[2737,2738],"class_list":["post-39191","post","type-post","status-publish","format-standard","has-post-thumbnail","hentry","category-3199","category-archivados","tag-7o-lpa-motown","tag-feria-de-la-moto-y-movilidad-sostenible"],"acf":[],"_links":{"self":[{"href":"https:\/\/femepa.org\/web\/wp-json\/wp\/v2\/posts\/39191","targetHints":{"allow":["GET"]}}],"collection":[{"href":"https:\/\/femepa.org\/web\/wp-json\/wp\/v2\/posts"}],"about":[{"href":"https:\/\/femepa.org\/web\/wp-json\/wp\/v2\/types\/post"}],"author":[{"embeddable":true,"href":"https:\/\/femepa.org\/web\/wp-json\/wp\/v2\/users\/4"}],"replies":[{"embeddable":true,"href":"https:\/\/femepa.org\/web\/wp-json\/wp\/v2\/comments?post=39191"}],"version-history":[{"count":1,"href":"https:\/\/femepa.org\/web\/wp-json\/wp\/v2\/posts\/39191\/revisions"}],"predecessor-version":[{"id":46035,"href":"https:\/\/femepa.org\/web\/wp-json\/wp\/v2\/posts\/39191\/revisions\/46035"}],"wp:featuredmedia":[{"embeddable":true,"href":"https:\/\/femepa.org\/web\/wp-json\/wp\/v2\/media\/39247"}],"wp:attachment":[{"href":"https:\/\/femepa.org\/web\/wp-json\/wp\/v2\/media?parent=39191"}],"wp:term":[{"taxonomy":"category","embeddable":true,"href":"https:\/\/femepa.org\/web\/wp-json\/wp\/v2\/categories?post=39191"},{"taxonomy":"post_tag","embeddable":true,"href":"https:\/\/femepa.org\/web\/wp-json\/wp\/v2\/tags?post=39191"}],"curies":[{"name":"wp","href":"https:\/\/api.w.org\/{rel}","templated":true}]}}