{"id":39210,"date":"2023-04-03T13:48:08","date_gmt":"2023-04-03T12:48:08","guid":{"rendered":"https:\/\/femepa.org\/web\/?p=39210"},"modified":"2024-08-29T20:18:00","modified_gmt":"2024-08-29T19:18:00","slug":"femepa-firma-un-convenio-de-colaboracion-con-el-periodico-digital-atlantico-hoy","status":"publish","type":"post","link":"https:\/\/femepa.org\/web\/femepa-firma-un-convenio-de-colaboracion-con-el-periodico-digital-atlantico-hoy\/","title":{"rendered":"Femepa firma un convenio de colaboraci\u00f3n con el peri\u00f3dico digital Atl\u00e1ntico Hoy"},"content":{"rendered":"\n<p class=\"has-text-align-justify\">El pasado mes de febrero de 2023, los representantes de Femepa y el peri\u00f3dico digital \u201cAtl\u00e1ntico Hoy\u201d firmaron un convenio de colaboraci\u00f3n en materia de promoci\u00f3n y publicidad en dicho medio en beneficio de las empresas asociadas. El beneficio para los asociados se basa en un descuento del 10% en sus productos y servicios sobre el precio final. \u201cAtl\u00e1ntico Hoy\u201d es un medio de comunicaci\u00f3n digital editado en S\/C de Tenerife y Las Palmas, especializado en la informaci\u00f3n relativa al mundo de los negocios canarios y que forma parte del Grupo de Medios Global (GMG).<\/p>\n\n\n\n<div style=\"height:10px\" aria-hidden=\"true\" class=\"wp-block-spacer\"><\/div>\n\n\n\n<p class=\"has-text-align-justify\">Atl\u00e1ntico Hoy naci\u00f3 en 2017 como proyecto period\u00edstico nativo digital en Tenerife, un entorno en el que los nuevos proyectos empresariales relacionados con la comunicaci\u00f3n son un rara avis. De ah\u00ed su valor como nueva propuesta informativa de \u00e1mbito local y regional, independiente y sin subordinaciones.<\/p>\n\n\n\n<div style=\"height:10px\" aria-hidden=\"true\" class=\"wp-block-spacer\"><\/div>\n\n\n\n<p class=\"has-text-align-justify\">Tras unos a\u00f1os de consolidaci\u00f3n de la marca en el \u00e1mbito regional,&nbsp;<a href=\"https:\/\/www.grupodemediosglobal.es\/\">Grupo de Medios Global <\/a>(GMG)\u200b\u200b\u200b\u200b\u200b\u200b\u200b hace suyo el proyecto en 2021 incluyendo a Atl\u00e1ntico Hoy en su destacado portfolio de cabeceras nacionales que concita mensualmente 9,5 millones de usuarios \u00fanicos liderados por su buque insignia Cr\u00f3nica Global. En septiembre de 2022 Atl\u00e1ntico Hoy crece con el lanzamiento de la edici\u00f3n independiente de Gran Canaria, con equipo redaccional propio.<\/p>\n\n\n\n<div style=\"height:10px\" aria-hidden=\"true\" class=\"wp-block-spacer\"><\/div>\n\n\n\n<p class=\"has-text-align-justify\">En la actualidad Atl\u00e1ntico Hoy se configura como un medio eminentemente econ\u00f3mico, de car\u00e1cter business friendly, fiscalizador del poder y sensible a las reclamaciones sociales de una comunidad que necesita referentes informativos claros y alejados de todo sesgo ideol\u00f3gico. Dos sociedades mercantiles son las encargadas de realizar la gesti\u00f3n de cada una de las ediciones. En Tenerife, Cr\u00f3nica del Atl\u00e1ntico Hoy, SL, presidida por el economista Corviniano Clavijo, es la responsable de la edici\u00f3n de la provincia tinerfe\u00f1a. Canarias Global Media, SL, presidida por la editora Eva Moll de Alba, se ocupa de la edici\u00f3n de Las Palmas. Ambas compa\u00f1\u00edas cuentan con el refuerzo accionarial y profesional de GMG.<\/p>\n\n\n\n<div style=\"height:10px\" aria-hidden=\"true\" class=\"wp-block-spacer\"><\/div>\n\n\n\n<p class=\"has-text-align-justify\">Atl\u00e1ntico Hoy hace de la moderaci\u00f3n una declaraci\u00f3n de intenciones, donde no tienen cabida extremismos ni populismos, pero s\u00ed toda pluralidad de opiniones que vayan en consonancia con los valores democr\u00e1ticos de nuestro pa\u00eds.<\/p>\n\n\n\n<div style=\"height:10px\" aria-hidden=\"true\" class=\"wp-block-spacer\"><\/div>\n\n\n\n<p class=\"has-text-align-justify\">Un medio digital cuya intenci\u00f3n es perdurar en el tiempo y trascender la mera actualidad para configurarse como uno de los pilares sobre los que se sustente la sociedad canaria. En este sentido, y como principio editorial, Atl\u00e1ntico Hoy aboga por un Archipi\u00e9lago cuya voz un\u00edvoca sea o\u00edda m\u00e1s all\u00e1 de los l\u00edmites de las islas.<\/p>\n\n\n\n<div style=\"height:10px\" aria-hidden=\"true\" class=\"wp-block-spacer\"><\/div>\n\n\n\n<p>El periodo de vigencia del presente convenio ser\u00e1 hasta el 31 de diciembre de 2023.<\/p>\n\n\n\n<div style=\"height:10px\" aria-hidden=\"true\" class=\"wp-block-spacer\"><\/div>\n\n\n\n<p>Para m\u00e1s informaci\u00f3n contactar con <a href=\"mailto:mar\u00eda.artiles@femepa.es\">mar\u00eda.artiles@femepa.es<\/a> o llamando al tel\u00e9fono<br \/>928296161.<\/p>\n","protected":false},"excerpt":{"rendered":"<p>El pasado mes de febrero de 2023, los representantes de Femepa y el peri\u00f3dico digital \u201cAtl\u00e1ntico Hoy\u201d firmaron un convenio de colaboraci\u00f3n en materia de promoci\u00f3n y publicidad en dicho medio en beneficio de las empresas asociadas. El beneficio para los asociados se basa en un descuento del 10% en sus productos y servicios sobre [&hellip;]<\/p>\n","protected":false},"author":4,"featured_media":39211,"comment_status":"closed","ping_status":"closed","sticky":false,"template":"","format":"standard","meta":{"_acf_changed":false,"rs_blank_template":"","rs_page_bg_color":"","slide_template_v7":"","footnotes":""},"categories":[3199,3201],"tags":[2739,2740,2741],"class_list":["post-39210","post","type-post","status-publish","format-standard","has-post-thumbnail","hentry","category-3199","category-archivados","tag-atlantico-hoy","tag-comunicacion-digital","tag-grupo-de-medios-global-gmg"],"acf":[],"_links":{"self":[{"href":"https:\/\/femepa.org\/web\/wp-json\/wp\/v2\/posts\/39210","targetHints":{"allow":["GET"]}}],"collection":[{"href":"https:\/\/femepa.org\/web\/wp-json\/wp\/v2\/posts"}],"about":[{"href":"https:\/\/femepa.org\/web\/wp-json\/wp\/v2\/types\/post"}],"author":[{"embeddable":true,"href":"https:\/\/femepa.org\/web\/wp-json\/wp\/v2\/users\/4"}],"replies":[{"embeddable":true,"href":"https:\/\/femepa.org\/web\/wp-json\/wp\/v2\/comments?post=39210"}],"version-history":[{"count":1,"href":"https:\/\/femepa.org\/web\/wp-json\/wp\/v2\/posts\/39210\/revisions"}],"predecessor-version":[{"id":46033,"href":"https:\/\/femepa.org\/web\/wp-json\/wp\/v2\/posts\/39210\/revisions\/46033"}],"wp:featuredmedia":[{"embeddable":true,"href":"https:\/\/femepa.org\/web\/wp-json\/wp\/v2\/media\/39211"}],"wp:attachment":[{"href":"https:\/\/femepa.org\/web\/wp-json\/wp\/v2\/media?parent=39210"}],"wp:term":[{"taxonomy":"category","embeddable":true,"href":"https:\/\/femepa.org\/web\/wp-json\/wp\/v2\/categories?post=39210"},{"taxonomy":"post_tag","embeddable":true,"href":"https:\/\/femepa.org\/web\/wp-json\/wp\/v2\/tags?post=39210"}],"curies":[{"name":"wp","href":"https:\/\/api.w.org\/{rel}","templated":true}]}}