{"id":39369,"date":"2023-04-25T10:43:13","date_gmt":"2023-04-25T09:43:13","guid":{"rendered":"https:\/\/femepa.org\/web\/?p=39369"},"modified":"2024-08-29T20:17:59","modified_gmt":"2024-08-29T19:17:59","slug":"femepa-por-el-dia-mundial-de-la-seguridad-y-salud-en-el-trabajo","status":"publish","type":"post","link":"https:\/\/femepa.org\/web\/femepa-por-el-dia-mundial-de-la-seguridad-y-salud-en-el-trabajo\/","title":{"rendered":"Femepa celebra el D\u00eda Mundial de la Seguridad y salud En el Trabajo"},"content":{"rendered":"<p>El 28 de abril se celebra en todo el mundo el <strong>D\u00eda Mundial de la Seguridad y la Salud en el Trabajo<\/strong>, proclamado por la <strong>Organizaci\u00f3n Internacional del Trabajo (OIT)<\/strong>. La celebraci\u00f3n consiste en una campa\u00f1a anual internacional para promover el trabajo seguro, saludable y digno. Adem\u00e1s se rinde homenaje a las v\u00edctimas de los accidentes de trabajo y las enfermedades profesionales.<\/p>\n<p>&nbsp;<\/p>\n<p>El objetivo del D\u00eda Mundial de la Seguridad y Salud en el Trabajo es la prevenci\u00f3n de los accidentes laborales y de las enfermedades profesionales, es por ello por lo que<strong> Femepa<\/strong> se suma a esta iniciativa el pr\u00f3ximo <strong>jueves 27 de abril<\/strong> <strong>a las 9:30<\/strong> en formato online, un evento denominado &#8220;Un ambiente de Trabajo Seguro y Saludable&#8221;.<\/p>\n<p>&nbsp;<\/p>\n<p>En este evento contaremos con la participaci\u00f3n de <strong>Vicente Marrero<\/strong>, presidente de FEMEPA; <strong>Juan Carlos Betancor<\/strong>, Secretario General de FEMEPA; <strong>Elirerto Galv\u00e1n<\/strong>, director del ICASEL; <strong>V\u00edctor Toledo<\/strong> y <strong>Carmen Marrero<\/strong>, secretarios de Sostenibilidad y Salud Laboral CCOO Canarias; <strong>Juan Carlos P\u00e9rez<\/strong>, responsable institucional y sectorial FICA UGT Canarias y <strong>Rodrigo Meli\u00e1n<\/strong>, gerente de RODMA Solutions, el evento estar\u00e1 moderado por <strong>Arecio Vega<\/strong>, responsable OTPRL FEMEPA.<\/p>\n<p>&nbsp;<\/p>\n<p><strong>Con\u00e9ctate al webinario de forma digital &gt;&gt;<\/strong> <\/p>\n","protected":false},"excerpt":{"rendered":"<p>El 28 de abril se celebra en todo el mundo el D\u00eda Mundial de la Seguridad y la Salud en el Trabajo, proclamado por la Organizaci\u00f3n Internacional del Trabajo (OIT). La celebraci\u00f3n consiste en una campa\u00f1a anual internacional para promover el trabajo seguro, saludable y digno. Adem\u00e1s se rinde homenaje a las v\u00edctimas de los [&hellip;]<\/p>\n","protected":false},"author":4,"featured_media":39376,"comment_status":"closed","ping_status":"closed","sticky":false,"template":"","format":"standard","meta":{"_acf_changed":false,"rs_blank_template":"","rs_page_bg_color":"","slide_template_v7":"","footnotes":""},"categories":[3199,3201],"tags":[2307,1549,1771,2775,2776],"class_list":["post-39369","post","type-post","status-publish","format-standard","has-post-thumbnail","hentry","category-3199","category-archivados","tag-dia-mundial-de-la-seguridad-y-salud-en-el-trabajo","tag-otprl","tag-seguridad-y-salud-en-el-trabajo","tag-sst","tag-sst2023"],"acf":[],"_links":{"self":[{"href":"https:\/\/femepa.org\/web\/wp-json\/wp\/v2\/posts\/39369","targetHints":{"allow":["GET"]}}],"collection":[{"href":"https:\/\/femepa.org\/web\/wp-json\/wp\/v2\/posts"}],"about":[{"href":"https:\/\/femepa.org\/web\/wp-json\/wp\/v2\/types\/post"}],"author":[{"embeddable":true,"href":"https:\/\/femepa.org\/web\/wp-json\/wp\/v2\/users\/4"}],"replies":[{"embeddable":true,"href":"https:\/\/femepa.org\/web\/wp-json\/wp\/v2\/comments?post=39369"}],"version-history":[{"count":1,"href":"https:\/\/femepa.org\/web\/wp-json\/wp\/v2\/posts\/39369\/revisions"}],"predecessor-version":[{"id":46021,"href":"https:\/\/femepa.org\/web\/wp-json\/wp\/v2\/posts\/39369\/revisions\/46021"}],"wp:featuredmedia":[{"embeddable":true,"href":"https:\/\/femepa.org\/web\/wp-json\/wp\/v2\/media\/39376"}],"wp:attachment":[{"href":"https:\/\/femepa.org\/web\/wp-json\/wp\/v2\/media?parent=39369"}],"wp:term":[{"taxonomy":"category","embeddable":true,"href":"https:\/\/femepa.org\/web\/wp-json\/wp\/v2\/categories?post=39369"},{"taxonomy":"post_tag","embeddable":true,"href":"https:\/\/femepa.org\/web\/wp-json\/wp\/v2\/tags?post=39369"}],"curies":[{"name":"wp","href":"https:\/\/api.w.org\/{rel}","templated":true}]}}