{"id":39572,"date":"2023-05-15T08:32:37","date_gmt":"2023-05-15T07:32:37","guid":{"rendered":"https:\/\/femepa.org\/web\/?p=39572"},"modified":"2026-04-07T08:20:13","modified_gmt":"2026-04-07T07:20:13","slug":"premios-nacionales-de-innovacion-y-de-diseno-2023","status":"publish","type":"post","link":"https:\/\/femepa.org\/web\/premios-nacionales-de-innovacion-y-de-diseno-2023\/","title":{"rendered":"Premios Nacionales de Innovaci\u00f3n y de Dise\u00f1o 2023"},"content":{"rendered":"<p>Los Premios Nacionales de Innovaci\u00f3n y de Dise\u00f1o tienen como objeto distinguir a aquellas personas y entidades (instituciones y organizaciones) que han hecho de la innovaci\u00f3n un elemento indispensable en el desarrollo de su estrategia profesional y de su crecimiento empresarial. Asimismo, se trata de galardonar a los profesionales y empresas que han contribuido significativamente al incremento del prestigio del dise\u00f1o espa\u00f1ol y a las entidades que, incorpor\u00e1ndolo a su estrategia empresarial, han demostrado que el dise\u00f1o es una potente palanca de la innovaci\u00f3n y la competitividad.<\/p>\n<p><b>Modalidades de los premios<\/b><\/p>\n<ul>\n<li><strong>Premio Nacional de Innovaci\u00f3n, modalidad <u>&#8220;Trayectoria Innovadora&#8221;<\/u>:<\/strong> Personas f\u00edsicas con una trayectoria de al menos quince a\u00f1os en la que la innovaci\u00f3n ha sido una de las caracter\u00edsticas relevantes.<\/li>\n<li><strong>Premio Nacional de Innovaci\u00f3n, modalidad <u>&#8220;Gran Empresa Innovadora&#8221;<\/u>:<\/strong> Grandes empresas con una actividad innovadora de al menos quince a\u00f1os.<\/li>\n<li><strong>Premio Nacional de Innovaci\u00f3n, modalidad <u>&#8220;Peque\u00f1a y Mediana Empresa Innovadora&#8221;<\/u>:<\/strong> Peque\u00f1as y medianas empresas con demostrada actividad innovadora de al menos cinco a\u00f1os.<\/li>\n<li><strong>Premio Nacional de Innovaci\u00f3n, modalidad <u>&#8220;Joven Talento Innovador&#8221;<\/u>:<\/strong> Dirigidos a aquellas personas con un demostrado potencial innovador, cuya edad no sobrepase los treinta y cinco a\u00f1os en el d\u00eda de la presentaci\u00f3n de la candidatura.<\/li>\n<li><strong>Premio Nacional de Dise\u00f1o, modalidad <u>&#8220;Trayectoria en Dise\u00f1o&#8221;<\/u>:<\/strong> Profesionales del dise\u00f1o (personas f\u00edsicas o equipos de profesionales) con una trayectoria de al menos quince a\u00f1os de reconocido prestigio en el sector.<\/li>\n<li><strong>Premio Nacional de Dise\u00f1o, modalidad <u>&#8220;Dise\u00f1o y Empresa&#8221;<\/u><\/strong>: Empresas que hayan incorporado el dise\u00f1o a su estrategia empresarial durante al menos diez a\u00f1os.<\/li>\n<li><strong>Premio Nacional de Dise\u00f1o, modalidad <u>&#8220;J\u00f3venes Profesionales del Dise\u00f1o&#8221;<\/u>:<\/strong> Dirigido a personas f\u00edsicas (dise\u00f1adores y dise\u00f1adoras), con una edad que no sobrepase los treinta y cinco a\u00f1os en el d\u00eda de la presentaci\u00f3n de la candidatura.<\/li>\n<\/ul>\n<p>En todos los casos, se requiere que los candidatos hayan realizado en Espa\u00f1a una parte significativa de su actividad profesional y se encuentren en activo y desarrollando una labor relevante y reconocida internacionalmente en el momento de presentaci\u00f3n de las candidaturas.<\/p>\n<p><b>Premios<\/b><\/p>\n<p>Los premios tendr\u00e1n un car\u00e1cter estrictamente honor\u00edfico, salvo:<\/p>\n<ul>\n<li>El Premio Nacional Innovaci\u00f3n en la modalidad &#8220;Peque\u00f1a y Mediana Empresa Innovadora&#8221;, que dispondr\u00e1 de una dotaci\u00f3n econ\u00f3mica de 50.000 \u20ac;<\/li>\n<li>El Premio Nacional Innovaci\u00f3n en la modalidad &#8220;Joven Talento Innovador&#8221; que dispondr\u00e1 de una dotaci\u00f3n econ\u00f3mica de 30.000 \u20ac;<\/li>\n<li>El Premio Nacional de Dise\u00f1o en la modalidad &#8220;Trayectoria en Dise\u00f1o&#8221; con una dotaci\u00f3n econ\u00f3mica de 50.000 \u20ac,<\/li>\n<li>El Premio Nacional de Dise\u00f1o en la modalidad &#8220;J\u00f3venes Profesionales del Dise\u00f1o&#8221; que dispondr\u00e1 de una dotaci\u00f3n econ\u00f3mica de 30.000 \u20ac.<\/li>\n<\/ul>\n<p>Los premios en estas modalidades no podr\u00e1n concederse ex aequo.<\/p>\n<p><b>Plazo y lugar de presentaci\u00f3n de la solicitud<\/b><\/p>\n<p>El plazo para emitir una pre-solicitud inicia el 10 de mayo de 2023 y permanecer\u00e1 abierto hasta el\u00a0<b>15\u00a0<\/b><b>de junio de 2023 a las 15:00 horas\u00a0<\/b>(peninsular).<\/p>\n<p>El tr\u00e1mite se realizar\u00e1 de manera telem\u00e1tica, accediendo al formulario correspondiente desde la\u00a0<a href=\"https:\/\/ciencia.sede.gob.es\/\">sede electr\u00f3nica del Ministerio de Ciencia e Innovaci\u00f3n<\/a>,\u00a0en el apartado &#8220;Procedimientos&#8221; y secci\u00f3n &#8220;Premios y Reconocimientos.<\/p>\n<p>Para m\u00e1s informaci\u00f3n puede contactar con:<\/p>\n<ul>\n<li>T\u00e9cnico de Innovaci\u00f3n <a href=\"tel:928296161\">928296161<\/a>, ext. #2111 <a href=\"mailto:mario.perez@femepa.es\">mario.perez@femepa.es<\/a> ,<\/li>\n<li>T\u00e9cnica de Transformaci\u00f3n Digital de FEMEPA <a href=\"tel:928296161\">928296161<\/a>, ext. #2524 <a href=\"mailto:azahara.garcia@femepa.es\">azahara.garcia@femepa.es<\/a><\/li>\n<li>T\u00e9cnica de Transformaci\u00f3n Digital de FEMEPA <a href=\"tel:928296161\">928296161<\/a>, ext. #2508\u00a0<a href=\"mailto:coraima.diaz@fermepa.es\">coraima.diaz@fermepa.es<\/a><\/li>\n<\/ul>\n<p><img fetchpriority=\"high\" decoding=\"async\" class=\"aligncenter wp-image-49442 size-full\" src=\"https:\/\/femepa.org\/web\/wp-content\/uploads\/2025\/05\/TIRA-RedCIDE-v1-2024-v1-1.avif\" alt=\"\" width=\"1920\" height=\"248\" srcset=\"https:\/\/femepa.org\/web\/wp-content\/uploads\/2025\/05\/TIRA-RedCIDE-v1-2024-v1-1.avif 1920w, https:\/\/femepa.org\/web\/wp-content\/uploads\/2025\/05\/TIRA-RedCIDE-v1-2024-v1-1-300x39.avif 300w, https:\/\/femepa.org\/web\/wp-content\/uploads\/2025\/05\/TIRA-RedCIDE-v1-2024-v1-1-768x99.avif 768w, https:\/\/femepa.org\/web\/wp-content\/uploads\/2025\/05\/TIRA-RedCIDE-v1-2024-v1-1-1536x198.avif 1536w\" sizes=\"(max-width: 1920px) 100vw, 1920px\" \/><\/p>\n","protected":false},"excerpt":{"rendered":"<p>Los Premios Nacionales de Innovaci\u00f3n y de Dise\u00f1o tienen como objeto distinguir a aquellas personas y entidades (instituciones y organizaciones) que han hecho de la innovaci\u00f3n un elemento indispensable en el desarrollo de su estrategia profesional y de su crecimiento empresarial. Asimismo, se trata de galardonar a los profesionales y empresas que han contribuido significativamente [&hellip;]<\/p>\n","protected":false},"author":4,"featured_media":39573,"comment_status":"closed","ping_status":"closed","sticky":false,"template":"","format":"standard","meta":{"_acf_changed":false,"rs_blank_template":"","rs_page_bg_color":"","slide_template_v7":"","footnotes":""},"categories":[3199,3201],"tags":[2344,2802,2803,2804,2805,249],"class_list":["post-39572","post","type-post","status-publish","format-standard","has-post-thumbnail","hentry","category-3199","category-archivados","tag-diseno","tag-grandes-empresas","tag-innovacion-industrial","tag-jovenes-profesionales","tag-personas-fisicas","tag-pymes"],"acf":[],"_links":{"self":[{"href":"https:\/\/femepa.org\/web\/wp-json\/wp\/v2\/posts\/39572","targetHints":{"allow":["GET"]}}],"collection":[{"href":"https:\/\/femepa.org\/web\/wp-json\/wp\/v2\/posts"}],"about":[{"href":"https:\/\/femepa.org\/web\/wp-json\/wp\/v2\/types\/post"}],"author":[{"embeddable":true,"href":"https:\/\/femepa.org\/web\/wp-json\/wp\/v2\/users\/4"}],"replies":[{"embeddable":true,"href":"https:\/\/femepa.org\/web\/wp-json\/wp\/v2\/comments?post=39572"}],"version-history":[{"count":2,"href":"https:\/\/femepa.org\/web\/wp-json\/wp\/v2\/posts\/39572\/revisions"}],"predecessor-version":[{"id":52164,"href":"https:\/\/femepa.org\/web\/wp-json\/wp\/v2\/posts\/39572\/revisions\/52164"}],"wp:featuredmedia":[{"embeddable":true,"href":"https:\/\/femepa.org\/web\/wp-json\/wp\/v2\/media\/39573"}],"wp:attachment":[{"href":"https:\/\/femepa.org\/web\/wp-json\/wp\/v2\/media?parent=39572"}],"wp:term":[{"taxonomy":"category","embeddable":true,"href":"https:\/\/femepa.org\/web\/wp-json\/wp\/v2\/categories?post=39572"},{"taxonomy":"post_tag","embeddable":true,"href":"https:\/\/femepa.org\/web\/wp-json\/wp\/v2\/tags?post=39572"}],"curies":[{"name":"wp","href":"https:\/\/api.w.org\/{rel}","templated":true}]}}