{"id":39636,"date":"2023-05-29T17:38:32","date_gmt":"2023-05-29T16:38:32","guid":{"rendered":"https:\/\/femepa.org\/web\/?p=39636"},"modified":"2024-08-29T20:17:25","modified_gmt":"2024-08-29T19:17:25","slug":"subvenciones-iniciativas-para-el-mantenimiento-del-autoempleo-y-del-empleo","status":"publish","type":"post","link":"https:\/\/femepa.org\/web\/subvenciones-iniciativas-para-el-mantenimiento-del-autoempleo-y-del-empleo\/","title":{"rendered":"Subvenciones Iniciativas para el Mantenimiento del Autoempleo y del Empleo"},"content":{"rendered":"<p><b>Financiaci\u00f3n de nuevos proyectos territoriales para el reequilibrio y la equidad en emprendimiento y microempresas<\/b><\/p>\n<p>&nbsp;<\/p>\n<p><b>Objeto y finalidad<\/b><\/p>\n<p>&nbsp;<\/p>\n<p>Las subvenciones tendr\u00e1n como finalidad el mantenimiento del autoempleo y del empleo de las personas trabajadoras asalariadas con contrato indefinido o temporal, as\u00ed como al mantenimiento de socios-trabajadores o de trabajo de cooperativas o sociedades laborales, incorporados con anterioridad a la solicitud de la subvenci\u00f3n, durante un plazo de cuatro meses computado a partir de la concesi\u00f3n de la subvenci\u00f3n, comprometi\u00e9ndose la persona beneficiaria (f\u00edsica o jur\u00eddica) a realizar en dicho plazo la correspondiente actuaci\u00f3n que contribuya a la transici\u00f3n de su actividad hacia una econom\u00eda verde o que contribuya a su transformaci\u00f3n digital.<\/p>\n<p>&nbsp;<\/p>\n<p>A estos efectos, la persona beneficiaria (f\u00edsica o jur\u00eddica) deber\u00e1 participar en acciones de apoyo para iniciar su transformaci\u00f3n productiva respetuosa con el medio ambiente y\/o<br \/>\ndigital. Estas acciones de apoyo se establecer\u00e1n en la convocatoria y consistir\u00e1n en p\u00edldoras formativas o talleres.<\/p>\n<p>&nbsp;<\/p>\n<p><b>Beneficiarios<\/b><\/p>\n<p>&nbsp;<\/p>\n<p>\u201cIniciativas para el mantenimiento del autoempleo de personas trabajadoras aut\u00f3nomas sin asalariados\u201d: personas trabajadoras aut\u00f3nomas sin trabajadores por cuenta ajena.<br \/>\nDichas beneficiarias de la subvenci\u00f3n (personas f\u00edsicas sin asalariados) deben cumplir los siguientes requisitos:<\/p>\n<p>&nbsp;<\/p>\n<ul>\n<li>Que su domicilio fiscal radique en la Comunidad Aut\u00f3noma de Canarias.<\/li>\n<li>Que tenga un volumen de negocios inferior a dos millones de euros.<\/li>\n<\/ul>\n<p>\u201cIniciativas para el mantenimiento del empleo de personas trabajadoras por cuenta ajena contratadas de forma indefinida o temporal por microempresas y por personas trabajadoras aut\u00f3nomas, as\u00ed como de los socios-trabajadores y de trabajo de empresas de emprendimiento colectivo\u201d, las siguientes:<\/p>\n<p>&nbsp;<\/p>\n<ul>\n<li>Las microempresas (que incluyen a las personas trabajadoras aut\u00f3nomas con asalariados).<\/li>\n<li>Las cooperativas y sociedades laborales.<\/li>\n<\/ul>\n<p>&nbsp;<\/p>\n<p>Dichas beneficiarias de la subvenci\u00f3n (personas f\u00edsicas con asalariados y personas jur\u00eddicas) deben cumplir los siguientes requisitos:<\/p>\n<p>&nbsp;<\/p>\n<ul>\n<li>Que desarrollen su actividad en el territorio de la Comunidad Aut\u00f3noma de Canarias, donde han de tener al menos un centro de trabajo.<\/li>\n<li>Que cuenten con menos de diez trabajadores asalariados.<\/li>\n<li>Que tengan un volumen de negocios inferior a dos millones de euros.<\/li>\n<\/ul>\n<p>&nbsp;<\/p>\n<p><strong>Intensidad de la ayuda<\/strong><\/p>\n<p>&nbsp;<\/p>\n<p>La cuant\u00eda de la subvenci\u00f3n, hasta un m\u00e1ximo de 5.000 euros, ser\u00e1 de 4.543 euros a tanto alzado por cada persona aut\u00f3noma, microempresa o empresa de emprendimiento colectivo solicitante.<\/p>\n<p>&nbsp;<\/p>\n<p><b>Plazo y lugar de presentaci\u00f3n de la solicitud<\/b><\/p>\n<p>&nbsp;<\/p>\n<p>El plazo inicia el 26 de mayo de 2023 y permanecer\u00e1 abierto hasta el\u00a0<b>9 de junio de 2023<\/b>.El tr\u00e1mite se realizar\u00e1 de manera telem\u00e1tica, accediendo al formulario correspondiente desde la\u00a0<a href=\"https:\/\/sede.gobiernodecanarias.org\/empleo\/tramites\/7109\">sede electr\u00f3nica del Gobierno de Canarias.<\/a><\/p>\n<p>&nbsp;<\/p>\n<p>Para m\u00e1s informaci\u00f3n puede contactar con la T\u00e9cnica de Transformaci\u00f3n Digital de FEMEPA 928296161, ext. #2524\u00a0<a href=\"mailto:azahara.garcia@femepa.es\">azahara.garcia@femepa.es<\/a>, con la T\u00e9cnica de Transformaci\u00f3n Digital de FEMEPA 928296161, ext. #2508\u00a0<a href=\"mailto:coraima.diaz@fermepa.es\">coraima.diaz@fermepa.es<\/a>\u00a0o con el T\u00e9cnico de Innovaci\u00f3n 928296161, ext #2111\u00a0<a href=\"mailto:mario.perez@femepa.es\">mario.perez@femepa.es<\/a><\/p>\n","protected":false},"excerpt":{"rendered":"<p>Financiaci\u00f3n de nuevos proyectos territoriales para el reequilibrio y la equidad en emprendimiento y microempresas &nbsp; Objeto y finalidad &nbsp; Las subvenciones tendr\u00e1n como finalidad el mantenimiento del autoempleo y del empleo de las personas trabajadoras asalariadas con contrato indefinido o temporal, as\u00ed como al mantenimiento de socios-trabajadores o de trabajo de cooperativas o sociedades [&hellip;]<\/p>\n","protected":false},"author":4,"featured_media":39637,"comment_status":"closed","ping_status":"closed","sticky":false,"template":"","format":"standard","meta":{"_acf_changed":false,"rs_blank_template":"","rs_page_bg_color":"","slide_template_v7":"","footnotes":""},"categories":[3199,3201],"tags":[2818,703,436,2816,180,1723,2817],"class_list":["post-39636","post","type-post","status-publish","format-standard","has-post-thumbnail","hentry","category-3199","category-archivados","tag-asalariados","tag-autoempleo","tag-autonomos","tag-cooperativas","tag-empleo","tag-microempresas","tag-sociedades-laborales"],"acf":[],"_links":{"self":[{"href":"https:\/\/femepa.org\/web\/wp-json\/wp\/v2\/posts\/39636","targetHints":{"allow":["GET"]}}],"collection":[{"href":"https:\/\/femepa.org\/web\/wp-json\/wp\/v2\/posts"}],"about":[{"href":"https:\/\/femepa.org\/web\/wp-json\/wp\/v2\/types\/post"}],"author":[{"embeddable":true,"href":"https:\/\/femepa.org\/web\/wp-json\/wp\/v2\/users\/4"}],"replies":[{"embeddable":true,"href":"https:\/\/femepa.org\/web\/wp-json\/wp\/v2\/comments?post=39636"}],"version-history":[{"count":1,"href":"https:\/\/femepa.org\/web\/wp-json\/wp\/v2\/posts\/39636\/revisions"}],"predecessor-version":[{"id":46001,"href":"https:\/\/femepa.org\/web\/wp-json\/wp\/v2\/posts\/39636\/revisions\/46001"}],"wp:featuredmedia":[{"embeddable":true,"href":"https:\/\/femepa.org\/web\/wp-json\/wp\/v2\/media\/39637"}],"wp:attachment":[{"href":"https:\/\/femepa.org\/web\/wp-json\/wp\/v2\/media?parent=39636"}],"wp:term":[{"taxonomy":"category","embeddable":true,"href":"https:\/\/femepa.org\/web\/wp-json\/wp\/v2\/categories?post=39636"},{"taxonomy":"post_tag","embeddable":true,"href":"https:\/\/femepa.org\/web\/wp-json\/wp\/v2\/tags?post=39636"}],"curies":[{"name":"wp","href":"https:\/\/api.w.org\/{rel}","templated":true}]}}