{"id":39682,"date":"2023-06-02T13:54:51","date_gmt":"2023-06-02T12:54:51","guid":{"rendered":"https:\/\/femepa.org\/web\/?p=39682"},"modified":"2026-04-07T08:25:14","modified_gmt":"2026-04-07T07:25:14","slug":"convocatoria-de-ayudas-para-instalaciones-de-generacion-electrica-a-partir-de-fuentes-renovables-en-las-islas-canarias","status":"publish","type":"post","link":"https:\/\/femepa.org\/web\/convocatoria-de-ayudas-para-instalaciones-de-generacion-electrica-a-partir-de-fuentes-renovables-en-las-islas-canarias\/","title":{"rendered":"Convocatoria de ayudas para instalaciones de generaci\u00f3n el\u00e9ctrica a partir de fuentes renovables en las Islas Canarias"},"content":{"rendered":"<p><b>Objeto y finalidad<\/b><\/p>\n<p>Fomentar el desarrollo de proyectos de inversi\u00f3n en instalaciones de generaci\u00f3n de energ\u00eda el\u00e9ctrica mediante fuentes de energ\u00eda renovable de car\u00e1cter innovador.<\/p>\n<p><b>Beneficiarios<\/b><\/p>\n<p>Podr\u00e1n beneficiarse de estas ayudas personas jur\u00eddicas p\u00fablicas o privadas.<\/p>\n<p><b>Actuaciones subvencionables e intensidad de la ayuda:<\/b><\/p>\n<p>Podr\u00e1n ser objeto de las ayudas los proyectos de inversi\u00f3n en instalaciones de generaci\u00f3n el\u00e9ctrica con fuentes de energ\u00edas renovables en Canarias. Los l\u00edmites presupuestarios y la cuant\u00eda de la ayuda depender\u00e1 del tipo de proyecto, seg\u00fan se resume en la siguiente tabla:<\/p>\n<table border=\"1\">\n<tbody>\n<tr>\n<td><b>Instalaci\u00f3n tipo<\/b><\/td>\n<td><b>Presupuesto subvencionable unitario m\u00ednimo (\u20ac\/MW)<\/b><\/td>\n<td><b>Presupuesto subvencionable unitario m\u00e1ximo (\u20ac\/MW)<\/b><\/td>\n<td><b>Intensidad de ayuda m\u00e1xima (%)<\/b><\/td>\n<td valign=\"top\"><\/td>\n<\/tr>\n<tr>\n<td>IT 1.a. Repotenciaci\u00f3n de instalaciones e\u00f3licas existentes<\/td>\n<td>599.534<\/td>\n<td>1.667.500<\/td>\n<td>55%<\/td>\n<td rowspan=\"4\">Repotenciaci\u00f3n o renovaci\u00f3n tecnol\u00f3gica de instalaciones existentes renovables y renaturalizaci\u00f3n del entorno.<br \/>\n(Deber\u00e1n incluir inversi\u00f3n en almacenamiento, salvo en instalaciones minihidr\u00e1ulicas, y obtener al menos 3 puntos en el criterio de renaturalizaci\u00f3n)<\/td>\n<\/tr>\n<tr>\n<td>IT 1.b. Renovaci\u00f3n tecnol\u00f3gica parcial de instalaciones e\u00f3licas existentes con sustituci\u00f3n de rotor<\/td>\n<td>100.000<\/td>\n<td>500.000<\/td>\n<td>55%<\/td>\n<\/tr>\n<tr>\n<td>IT 2. Renovaci\u00f3n tecnol\u00f3gica de instalaciones fotovoltaicas existentes<\/td>\n<td>306.000<\/td>\n<td>870.930<\/td>\n<td>40%<\/td>\n<\/tr>\n<tr>\n<td>IT 3. Renovaci\u00f3n tecnol\u00f3gica de instalaciones minihidr\u00e1ulicas existentes<\/td>\n<td>0<\/td>\n<td>2.900.000<\/td>\n<td>65%<\/td>\n<\/tr>\n<tr>\n<td>IT 4. Nuevas instalaciones e\u00f3licas con alta participaci\u00f3n ciudadana<\/td>\n<td>674.476<\/td>\n<td>1.450.000<\/td>\n<td>60%<\/td>\n<td rowspan=\"4\">Nuevas instalaciones renovables<br \/>\n(Las instalaciones e\u00f3licas o FV deber\u00e1n obtener un m\u00ednimo de 5 puntos en el criterio de participaci\u00f3n social. Adem\u00e1s, las instalaciones e\u00f3licas o FV cuando tengan una potencia superior a 500 kW deber\u00e1n incluir inversi\u00f3n en almacenamiento. Estos dos requisitos no ser\u00e1n obligatorios para las instalaciones minihidr\u00e1ulicas o de biog\u00e1s).<\/td>\n<\/tr>\n<tr>\n<td>IT 5. Nuevas instalaciones fotovoltaicas con alta participaci\u00f3n ciudadana<\/td>\n<td>367.200<\/td>\n<td>749.000<\/td>\n<td>50%<\/td>\n<\/tr>\n<tr>\n<td>IT 6. Nuevas instalaciones minihidr\u00e1ulicas con o sin participaci\u00f3n ciudadana (1)<\/td>\n<td>902.678<\/td>\n<td>3.850.000<\/td>\n<td>75%<\/td>\n<\/tr>\n<tr>\n<td>IT 7. Nuevas instalaciones de producci\u00f3n el\u00e9ctrica con biog\u00e1s con o sin participaci\u00f3n ciudadana (2)<\/td>\n<td>2.145.963<\/td>\n<td>2.760.909<\/td>\n<td>70%<\/td>\n<\/tr>\n<tr>\n<td>IT 8.Nuevas instalaciones e\u00f3licas en tierra para producci\u00f3n de hidr\u00f3geno<\/td>\n<td>599.534<\/td>\n<td>1.450.000<\/td>\n<td>55%<\/td>\n<td rowspan=\"3\" valign=\"top\">Nuevas instalaciones renovables con producci\u00f3n de H2 renovable.<br \/>\n(Deber\u00e1n incluir inversi\u00f3n en equipos de producci\u00f3n de H2 renovable)<\/td>\n<\/tr>\n<tr>\n<td>IT 9. Nuevas instalaciones fotovoltaicas para producci\u00f3n de hidr\u00f3geno<\/td>\n<td>306.000<\/td>\n<td>749.000<\/td>\n<td>40%<\/td>\n<\/tr>\n<tr>\n<td>IT 10. Nuevas instalaciones minihidr\u00e1ulicas para producci\u00f3n de hidr\u00f3geno<\/td>\n<td>902.678<\/td>\n<td>3.850.000<\/td>\n<td>75%<\/td>\n<\/tr>\n<tr>\n<td>IT 11. Nuevas instalaciones fotovoltaicas en superficies antropizadas<\/td>\n<td>306.000<\/td>\n<td>749.000<\/td>\n<td>40%<\/td>\n<td>Nuevas instalaciones fotovoltaicas localizadas en superficies antropizadas (zonas con actividad humana)<br \/>\n(Las instalaciones mayores de 500 kW deber\u00e1n incluir inversi\u00f3n en almacenamiento)<\/td>\n<\/tr>\n<tr>\n<td>IT 12. Nuevas instalaciones e\u00f3licas marinas y\/o de energ\u00edas del mar<\/td>\n<td>539.581<\/td>\n<td>5.000.000<\/td>\n<td>50%<\/td>\n<td valign=\"top\">Nuevas instalaciones e\u00f3licas marinas y otras tecnolog\u00edas del mar.<br \/>\n(Las instalaciones deber\u00e1n generar energ\u00eda el\u00e9ctrica y estar en operaci\u00f3n al menos 5 a\u00f1os desde su implantaci\u00f3n)<\/td>\n<\/tr>\n<tr>\n<td>IT 13. Incorporaci\u00f3n de almacenamiento al proyecto de instalaci\u00f3n de energ\u00eda renovable (Cap &lt; 2 MWh)<\/td>\n<td>0<\/td>\n<td>610.000<\/td>\n<td>65%<\/td>\n<td rowspan=\"2\" valign=\"top\">Nuevos sistemas de almacenamiento en instalaciones de generaci\u00f3n el\u00e9ctrica con energ\u00edas renovables existentes.<\/td>\n<\/tr>\n<tr>\n<td>IT 13. Incorporaci\u00f3n de almacenamiento al proyecto de instalaci\u00f3n de energ\u00eda renovable (Cap &gt; 8,75 MWh)<\/td>\n<td>0<\/td>\n<td>435.000<\/td>\n<td>65%<\/td>\n<\/tr>\n<tr>\n<td>Incorporaci\u00f3n de sistema de producci\u00f3n de hidr\u00f3geno renovable<\/td>\n<td>0<\/td>\n<td>1.900.000<\/td>\n<td>65%<\/td>\n<td valign=\"top\"><\/td>\n<\/tr>\n<\/tbody>\n<\/table>\n<p><b>Plazo y lugar de presentaci\u00f3n de la solicitud<\/b><\/p>\n<p>El plazo inicia el\u00a0<b>01\u00a0<\/b>de junio de 2023 a las 11:00 h. (hora canaria) y permanecer\u00e1 abierto hasta el<b>\u00a028 de julio de 2023 a las 11:00 h. (hora canaria).<\/b><\/p>\n<p>El tr\u00e1mite se realizar\u00e1 de manera telem\u00e1tica, a trav\u00e9s del tr\u00e1mite correspondiente desde la\u00a0<a href=\"https:\/\/sede.idae.gob.es\/lang\/modulo\/?refbol=tramites-servicios&amp;refsec=renovables-islas&amp;idarticulo=146984\" data-cke-saved-href=\"https:\/\/sede.idae.gob.es\/lang\/modulo\/?refbol=tramites-servicios&amp;refsec=renovables-islas&amp;idarticulo=146984\">sede electr\u00f3nica del Instituto para la diversificaci\u00f3n y ahorro de la energ\u00eda.<\/a><\/p>\n<p>Para m\u00e1s informaci\u00f3n puede contactar con el T\u00e9cnico de Innovaci\u00f3n <a href=\"http:\/\/tel:928296161\" data-cke-saved-href=\"http:\/\/tel:928296161\">928296161<\/a>, ext. #2111\u00a0<a href=\"mailto:mario.perez@femepa.es\" data-cke-saved-href=\"mailto:mario.perez@femepa.es\">mario.perez@femepa.es<\/a><\/p>\n<p><img fetchpriority=\"high\" decoding=\"async\" class=\"aligncenter wp-image-49442 size-full\" src=\"https:\/\/femepa.org\/web\/wp-content\/uploads\/2025\/05\/TIRA-RedCIDE-v1-2024-v1-1.avif\" alt=\"\" width=\"1920\" height=\"248\" srcset=\"https:\/\/femepa.org\/web\/wp-content\/uploads\/2025\/05\/TIRA-RedCIDE-v1-2024-v1-1.avif 1920w, https:\/\/femepa.org\/web\/wp-content\/uploads\/2025\/05\/TIRA-RedCIDE-v1-2024-v1-1-300x39.avif 300w, https:\/\/femepa.org\/web\/wp-content\/uploads\/2025\/05\/TIRA-RedCIDE-v1-2024-v1-1-768x99.avif 768w, https:\/\/femepa.org\/web\/wp-content\/uploads\/2025\/05\/TIRA-RedCIDE-v1-2024-v1-1-1536x198.avif 1536w\" sizes=\"(max-width: 1920px) 100vw, 1920px\" \/><\/p>\n","protected":false},"excerpt":{"rendered":"<p>Objeto y finalidad Fomentar el desarrollo de proyectos de inversi\u00f3n en instalaciones de generaci\u00f3n de energ\u00eda el\u00e9ctrica mediante fuentes de energ\u00eda renovable de car\u00e1cter innovador. Beneficiarios Podr\u00e1n beneficiarse de estas ayudas personas jur\u00eddicas p\u00fablicas o privadas. Actuaciones subvencionables e intensidad de la ayuda: Podr\u00e1n ser objeto de las ayudas los proyectos de inversi\u00f3n en instalaciones [&hellip;]<\/p>\n","protected":false},"author":4,"featured_media":39685,"comment_status":"closed","ping_status":"closed","sticky":false,"template":"","format":"standard","meta":{"_acf_changed":false,"rs_blank_template":"","rs_page_bg_color":"","slide_template_v7":"","footnotes":""},"categories":[3199,3201],"tags":[2820,702,487,199,2620,947,2821],"class_list":["post-39682","post","type-post","status-publish","format-standard","has-post-thumbnail","hentry","category-3199","category-archivados","tag-biogas","tag-energia-eolica","tag-energias-renovables","tag-innovacion","tag-instalaciones-de-energia-fotovoltaica","tag-instalaciones-electricas","tag-minihidraulica"],"acf":[],"_links":{"self":[{"href":"https:\/\/femepa.org\/web\/wp-json\/wp\/v2\/posts\/39682","targetHints":{"allow":["GET"]}}],"collection":[{"href":"https:\/\/femepa.org\/web\/wp-json\/wp\/v2\/posts"}],"about":[{"href":"https:\/\/femepa.org\/web\/wp-json\/wp\/v2\/types\/post"}],"author":[{"embeddable":true,"href":"https:\/\/femepa.org\/web\/wp-json\/wp\/v2\/users\/4"}],"replies":[{"embeddable":true,"href":"https:\/\/femepa.org\/web\/wp-json\/wp\/v2\/comments?post=39682"}],"version-history":[{"count":2,"href":"https:\/\/femepa.org\/web\/wp-json\/wp\/v2\/posts\/39682\/revisions"}],"predecessor-version":[{"id":52168,"href":"https:\/\/femepa.org\/web\/wp-json\/wp\/v2\/posts\/39682\/revisions\/52168"}],"wp:featuredmedia":[{"embeddable":true,"href":"https:\/\/femepa.org\/web\/wp-json\/wp\/v2\/media\/39685"}],"wp:attachment":[{"href":"https:\/\/femepa.org\/web\/wp-json\/wp\/v2\/media?parent=39682"}],"wp:term":[{"taxonomy":"category","embeddable":true,"href":"https:\/\/femepa.org\/web\/wp-json\/wp\/v2\/categories?post=39682"},{"taxonomy":"post_tag","embeddable":true,"href":"https:\/\/femepa.org\/web\/wp-json\/wp\/v2\/tags?post=39682"}],"curies":[{"name":"wp","href":"https:\/\/api.w.org\/{rel}","templated":true}]}}